{"id":39543,"date":"2023-04-21T09:34:21","date_gmt":"2023-04-21T15:34:21","guid":{"rendered":"https:\/\/encuentroinformativo.com.mx\/?p=39543"},"modified":"2023-04-21T09:34:26","modified_gmt":"2023-04-21T15:34:26","slug":"vinculan-a-proceso-a-padres-de-marlon-n-por-omision-de-auxilio","status":"publish","type":"post","link":"https:\/\/encuentroinformativo.com.mx\/?p=39543","title":{"rendered":"Vinculan a proceso a padres de Marlon &#8220;N&#8221; por omisi\u00f3n de auxilio"},"content":{"rendered":"\n<p><strong>Alejandro \u00c1vila<\/strong><\/p>\n\n\n\n<p>Veracruz, Ver.- La madrugada de este viernes un Juez de Control dio auto de vinculaci\u00f3n a proceso a los padres de Marlon &#8220;N&#8221; por omisi\u00f3n de auxilio.<\/p>\n\n\n\n<p>La audiencia inici\u00f3 el jueves aproximadamente a las 8 de la noche y termin\u00f3 cerca de las 4 de la madrugada del viernes, donde adem\u00e1s se orden\u00f3 investigaci\u00f3n complementaria de tres meses y prisi\u00f3n preventiva justificada.<\/p>\n\n\n\n<p>Diana Elizabeth &#8220;N&#8221; y Jorge Ignacio &#8220;N&#8221; estar\u00e1n recluidos en el Penalito de Veracruz puerto ubicado en la colonia Playa Linda.<\/p>\n\n\n\n<p>Es de mencionar que este delito es menor en comparaci\u00f3n por el que fueron aprehendidos la primera vez; adem\u00e1s, se espera que en pr\u00f3ximos d\u00edas su defensa inicie con solicitudes de amparo.<\/p>\n\n\n\n<p>Cabe recordar que el pasado 14 de abril un Juez Federal orden\u00f3 la liberaci\u00f3n de los padres de Marlon &#8220;N&#8221;; pero minutos despu\u00e9s de haber salido de los reclusorios de Coatzacoalcos y Tuxpan, respectivamente, fueron detenidos nuevamente acusados del delito de omisi\u00f3n de auxilio.<\/p>\n","protected":false},"excerpt":{"rendered":"<p>Alejandro \u00c1vila Veracruz, Ver.- La madrugada de este viernes un Juez de Control dio auto de vinculaci\u00f3n a proceso a los padres de Marlon &#8220;N&#8221; por omisi\u00f3n de auxilio. La audiencia inici\u00f3 el jueves aproximadamente a las 8 de la noche y termin\u00f3 cerca de las 4 de la madrugada del viernes, donde adem\u00e1s se [&hellip;]<\/p>\n","protected":false},"author":2476,"featured_media":39544,"comment_status":"open","ping_status":"open","sticky":false,"template":"","format":"standard","meta":{"_jetpack_memberships_contains_paid_content":false,"footnotes":""},"categories":[2],"tags":[],"class_list":["post-39543","post","type-post","status-publish","format-standard","has-post-thumbnail","hentry","category-estado"],"jetpack_featured_media_url":"https:\/\/encuentroinformativo.com.mx\/wp-content\/uploads\/2023\/04\/IMG-20230421-WA0047.jpg","jetpack_sharing_enabled":true,"jetpack_likes_enabled":true,"amp_enabled":true,"_links":{"self":[{"href":"https:\/\/encuentroinformativo.com.mx\/index.php?rest_route=\/wp\/v2\/posts\/39543","targetHints":{"allow":["GET"]}}],"collection":[{"href":"https:\/\/encuentroinformativo.com.mx\/index.php?rest_route=\/wp\/v2\/posts"}],"about":[{"href":"https:\/\/encuentroinformativo.com.mx\/index.php?rest_route=\/wp\/v2\/types\/post"}],"author":[{"embeddable":true,"href":"https:\/\/encuentroinformativo.com.mx\/index.php?rest_route=\/wp\/v2\/users\/2476"}],"replies":[{"embeddable":true,"href":"https:\/\/encuentroinformativo.com.mx\/index.php?rest_route=%2Fwp%2Fv2%2Fcomments&post=39543"}],"version-history":[{"count":1,"href":"https:\/\/encuentroinformativo.com.mx\/index.php?rest_route=\/wp\/v2\/posts\/39543\/revisions"}],"predecessor-version":[{"id":39545,"href":"https:\/\/encuentroinformativo.com.mx\/index.php?rest_route=\/wp\/v2\/posts\/39543\/revisions\/39545"}],"wp:featuredmedia":[{"embeddable":true,"href":"https:\/\/encuentroinformativo.com.mx\/index.php?rest_route=\/wp\/v2\/media\/39544"}],"wp:attachment":[{"href":"https:\/\/encuentroinformativo.com.mx\/index.php?rest_route=%2Fwp%2Fv2%2Fmedia&parent=39543"}],"wp:term":[{"taxonomy":"category","embeddable":true,"href":"https:\/\/encuentroinformativo.com.mx\/index.php?rest_route=%2Fwp%2Fv2%2Fcategories&post=39543"},{"taxonomy":"post_tag","embeddable":true,"href":"https:\/\/encuentroinformativo.com.mx\/index.php?rest_route=%2Fwp%2Fv2%2Ftags&post=39543"}],"curies":[{"name":"wp","href":"https:\/\/api.w.org\/{rel}","templated":true}]}}