{"id":39546,"date":"2023-04-21T09:37:37","date_gmt":"2023-04-21T15:37:37","guid":{"rendered":"https:\/\/encuentroinformativo.com.mx\/?p=39546"},"modified":"2023-04-21T09:37:41","modified_gmt":"2023-04-21T15:37:41","slug":"de-la-tierra-al-cielo-la-diferencia-entre-cuitlahuac-y-otros-gobernadores-amlo","status":"publish","type":"post","link":"https:\/\/encuentroinformativo.com.mx\/?p=39546","title":{"rendered":"De la tierra al cielo la diferencia entre Cuitl\u00e1huac y otros gobernadores: AMLO"},"content":{"rendered":"\n<p>Veracruz, Ver.-En el inicio de su conferencia matutina desde este puerto, el presidente Andr\u00e9s Manuel L\u00f3pez Obrador afirm\u00f3 que la transformaci\u00f3n ha avanzado mucho en Veracruz, tanto en programas federales como en obras p\u00fablicas e inversiones, \u201clo cual se refleja en que hay crecimiento econ\u00f3mico, empleos y bienestar\u201d.<\/p>\n\n\n\n<p>Desde el Museo Naval de la ciudad, el mandatario asegur\u00f3 estar contento con el trabajo del gobernador Cuitl\u00e1huac Garc\u00eda Jim\u00e9nez; \u201cdesde luego, hay cr\u00edticas porque es parte sustancial de la democracia, pero es como de la tierra al cielo la diferencia de lo que eran los gobernadores de antes y lo que padec\u00edan mis paisanos\u201d.<\/p>\n\n\n\n<p>El presidente arrib\u00f3 a Veracruz para conmemorar 109 a\u00f1os de la defensa ante la \u00faltima invasi\u00f3n estadounidense a M\u00e9xico; gesta que dio a este puerto la categor\u00eda de cuatro veces heroico. Previo a informar a los medios de comunicaci\u00f3n, encabez\u00f3 la mesa de seguridad nacional con los secretarios de la Marina, la Defensa Nacional y otras dependencias.<\/p>\n","protected":false},"excerpt":{"rendered":"<p>Veracruz, Ver.-En el inicio de su conferencia matutina desde este puerto, el presidente Andr\u00e9s Manuel L\u00f3pez Obrador afirm\u00f3 que la transformaci\u00f3n ha avanzado mucho en Veracruz, tanto en programas federales como en obras p\u00fablicas e inversiones, \u201clo cual se refleja en que hay crecimiento econ\u00f3mico, empleos y bienestar\u201d. Desde el Museo Naval de la ciudad, [&hellip;]<\/p>\n","protected":false},"author":2476,"featured_media":39547,"comment_status":"open","ping_status":"open","sticky":false,"template":"","format":"standard","meta":{"_jetpack_memberships_contains_paid_content":false,"footnotes":""},"categories":[12],"tags":[],"class_list":["post-39546","post","type-post","status-publish","format-standard","has-post-thumbnail","hentry","category-nacional"],"jetpack_featured_media_url":"https:\/\/encuentroinformativo.com.mx\/wp-content\/uploads\/2023\/04\/IMG-20230421-WA00292.jpg","jetpack_sharing_enabled":true,"jetpack_likes_enabled":true,"amp_enabled":true,"_links":{"self":[{"href":"https:\/\/encuentroinformativo.com.mx\/index.php?rest_route=\/wp\/v2\/posts\/39546","targetHints":{"allow":["GET"]}}],"collection":[{"href":"https:\/\/encuentroinformativo.com.mx\/index.php?rest_route=\/wp\/v2\/posts"}],"about":[{"href":"https:\/\/encuentroinformativo.com.mx\/index.php?rest_route=\/wp\/v2\/types\/post"}],"author":[{"embeddable":true,"href":"https:\/\/encuentroinformativo.com.mx\/index.php?rest_route=\/wp\/v2\/users\/2476"}],"replies":[{"embeddable":true,"href":"https:\/\/encuentroinformativo.com.mx\/index.php?rest_route=%2Fwp%2Fv2%2Fcomments&post=39546"}],"version-history":[{"count":1,"href":"https:\/\/encuentroinformativo.com.mx\/index.php?rest_route=\/wp\/v2\/posts\/39546\/revisions"}],"predecessor-version":[{"id":39548,"href":"https:\/\/encuentroinformativo.com.mx\/index.php?rest_route=\/wp\/v2\/posts\/39546\/revisions\/39548"}],"wp:featuredmedia":[{"embeddable":true,"href":"https:\/\/encuentroinformativo.com.mx\/index.php?rest_route=\/wp\/v2\/media\/39547"}],"wp:attachment":[{"href":"https:\/\/encuentroinformativo.com.mx\/index.php?rest_route=%2Fwp%2Fv2%2Fmedia&parent=39546"}],"wp:term":[{"taxonomy":"category","embeddable":true,"href":"https:\/\/encuentroinformativo.com.mx\/index.php?rest_route=%2Fwp%2Fv2%2Fcategories&post=39546"},{"taxonomy":"post_tag","embeddable":true,"href":"https:\/\/encuentroinformativo.com.mx\/index.php?rest_route=%2Fwp%2Fv2%2Ftags&post=39546"}],"curies":[{"name":"wp","href":"https:\/\/api.w.org\/{rel}","templated":true}]}}