{"id":39549,"date":"2023-04-21T09:40:15","date_gmt":"2023-04-21T15:40:15","guid":{"rendered":"https:\/\/encuentroinformativo.com.mx\/?p=39549"},"modified":"2023-04-21T09:40:19","modified_gmt":"2023-04-21T15:40:19","slug":"amlo-y-cuitlahuac-van-contra-juez-que-favorecio-construccion-de-torre-centro","status":"publish","type":"post","link":"https:\/\/encuentroinformativo.com.mx\/?p=39549","title":{"rendered":"AMLO y Cuitl\u00e1huac van contra juez que favoreci\u00f3 construcci\u00f3n de Torre Centro"},"content":{"rendered":"\n<p><strong>*<em>Es el mismo que orden\u00f3 liberar a los padres de Marlon N, y a uno de Los Porkys<\/em>.<\/strong><\/p>\n\n\n\n<p>Veracruz, Ver.,- El Gobierno del Estado proceder\u00e1 a denunciar al juez Jos\u00e9 Arqu\u00edmedes Gregorio Loranca Luna por presuntas actuaciones indebidas en la construcci\u00f3n de la Torre Centro, inform\u00f3 el gobernador Cuitl\u00e1huac Garc\u00eda Jim\u00e9nez al presidente Andr\u00e9s Manuel L\u00f3pez Obrador, reiterando que existen conflictos de inter\u00e9s en la obra.<\/p>\n\n\n\n<p>Por recomendaci\u00f3n del Primer Mandatario, esta denuncia deber\u00e1 ser ante la Fiscal\u00eda Especializada en Combate a la Corrupci\u00f3n, porque es evidente se trata de un caso de influyentismo; \u201ces una agresi\u00f3n alevosa al centro hist\u00f3rico de Veracruz y se necesita ser cara dura o muy prepotente para afectar uno de los lugares m\u00e1s importantes y representativos de M\u00e9xico\u201d, expres\u00f3 L\u00f3pez Obrador.<\/p>\n\n\n\n<p>Durante la conferencia matutina desde las instalaciones del Museo Naval, el mandatario veracruzano explic\u00f3 que se han promovido siete juicios por incumplimiento en los dict\u00e1menes de Protecci\u00f3n Civil y cambio de uso de suelo; sin embargo, dos jueces federales han encubierto estas ilegalidades.<\/p>\n\n\n\n<p>\u201cNinguna obra, en ning\u00fan rinc\u00f3n del pa\u00eds, puede realizarse si no se tienen estos dos dict\u00e1menes, pero, como podemos ver, la Torre se encuentra pr\u00e1cticamente concluida y los jueces han otorgado los amparos\u201d, manifest\u00f3.<\/p>\n\n\n\n<p>Agreg\u00f3 que el juez que ha otorgado la suspensi\u00f3n temporal y definitiva en cuatro ocasiones a los juicios contra la obra es el mismo que hace unos d\u00edas orden\u00f3 la liberaci\u00f3n de los padres de Marlon \u201cN\u201d, acusados de complicidad en el feminicidio de la joven Monserrat; adem\u00e1s de ser quien hace unos a\u00f1os liber\u00f3 a un joven acusado de abuso sexual a una menor. \u201cPensamos que debe ser ya se\u00f1alado e investigado por sus actuaciones\u201d.<\/p>\n","protected":false},"excerpt":{"rendered":"<p>*Es el mismo que orden\u00f3 liberar a los padres de Marlon N, y a uno de Los Porkys. Veracruz, Ver.,- El Gobierno del Estado proceder\u00e1 a denunciar al juez Jos\u00e9 Arqu\u00edmedes Gregorio Loranca Luna por presuntas actuaciones indebidas en la construcci\u00f3n de la Torre Centro, inform\u00f3 el gobernador Cuitl\u00e1huac Garc\u00eda Jim\u00e9nez al presidente Andr\u00e9s Manuel [&hellip;]<\/p>\n","protected":false},"author":2476,"featured_media":39550,"comment_status":"open","ping_status":"open","sticky":false,"template":"","format":"standard","meta":{"_jetpack_memberships_contains_paid_content":false,"footnotes":""},"categories":[2],"tags":[],"class_list":["post-39549","post","type-post","status-publish","format-standard","has-post-thumbnail","hentry","category-estado"],"jetpack_featured_media_url":"https:\/\/encuentroinformativo.com.mx\/wp-content\/uploads\/2023\/04\/IMG-20230421-WA00302.jpg","jetpack_sharing_enabled":true,"jetpack_likes_enabled":true,"amp_enabled":true,"_links":{"self":[{"href":"https:\/\/encuentroinformativo.com.mx\/index.php?rest_route=\/wp\/v2\/posts\/39549","targetHints":{"allow":["GET"]}}],"collection":[{"href":"https:\/\/encuentroinformativo.com.mx\/index.php?rest_route=\/wp\/v2\/posts"}],"about":[{"href":"https:\/\/encuentroinformativo.com.mx\/index.php?rest_route=\/wp\/v2\/types\/post"}],"author":[{"embeddable":true,"href":"https:\/\/encuentroinformativo.com.mx\/index.php?rest_route=\/wp\/v2\/users\/2476"}],"replies":[{"embeddable":true,"href":"https:\/\/encuentroinformativo.com.mx\/index.php?rest_route=%2Fwp%2Fv2%2Fcomments&post=39549"}],"version-history":[{"count":1,"href":"https:\/\/encuentroinformativo.com.mx\/index.php?rest_route=\/wp\/v2\/posts\/39549\/revisions"}],"predecessor-version":[{"id":39551,"href":"https:\/\/encuentroinformativo.com.mx\/index.php?rest_route=\/wp\/v2\/posts\/39549\/revisions\/39551"}],"wp:featuredmedia":[{"embeddable":true,"href":"https:\/\/encuentroinformativo.com.mx\/index.php?rest_route=\/wp\/v2\/media\/39550"}],"wp:attachment":[{"href":"https:\/\/encuentroinformativo.com.mx\/index.php?rest_route=%2Fwp%2Fv2%2Fmedia&parent=39549"}],"wp:term":[{"taxonomy":"category","embeddable":true,"href":"https:\/\/encuentroinformativo.com.mx\/index.php?rest_route=%2Fwp%2Fv2%2Fcategories&post=39549"},{"taxonomy":"post_tag","embeddable":true,"href":"https:\/\/encuentroinformativo.com.mx\/index.php?rest_route=%2Fwp%2Fv2%2Ftags&post=39549"}],"curies":[{"name":"wp","href":"https:\/\/api.w.org\/{rel}","templated":true}]}}