{"id":39554,"date":"2023-04-21T10:51:08","date_gmt":"2023-04-21T16:51:08","guid":{"rendered":"https:\/\/encuentroinformativo.com.mx\/?p=39554"},"modified":"2023-04-21T10:51:13","modified_gmt":"2023-04-21T16:51:13","slug":"bloquean-carretera-en-tecolutla-acusan-a-autoridades-de-permitir-fuga-de-asesino-de-nahomi","status":"publish","type":"post","link":"https:\/\/encuentroinformativo.com.mx\/?p=39554","title":{"rendered":"Bloquean carretera en Tecolutla, acusan a autoridades de permitir fuga de asesino de Nahomi"},"content":{"rendered":"\n<p><strong>Alejandro \u00c1vila<\/strong><\/p>\n\n\n\n<p>Veracruz, Ver.- La ma\u00f1ana de este viernes familiares y amigos de Estefany Nahomi cerraron el acceso a la cabecera municipal de Tecolutla, pues acusan a las autoridades policiales de negarse a aprehender al presunto asesino de la joven, quien hoy se encuentra pr\u00f3fugo.<\/p>\n\n\n\n<p>Los manifestantes declararon que minutos despu\u00e9s del lamentable suceso informaron a la polic\u00eda el nombre del presunto feminicida; se trata, presuntamente, del joven V\u00edctor Yael, qui\u00e9n tambi\u00e9n estudia en la Telesecundaria &#8220;Aquiles Serd\u00e1n&#8221; de Tecolutla.<\/p>\n\n\n\n<p>Los dolosos aclararon que al ser un lugar peque\u00f1o todos se conocen, por lo que aportaron datos suficientes para detener al presunto feminicida; sin embargo, ninguna corporaci\u00f3n acudi\u00f3 al llamado.<\/p>\n\n\n\n<p>Adem\u00e1s, dijeron que el padre y hermano de V\u00edctor Yael lo ayudaron para que pudiera salir de Tecolutla y as\u00ed, darse a la fuga, por lo que hoy exigen justicia y afirmaron que no abrir\u00e1n la circulaci\u00f3n hasta que se presente alguna autoridad que les d\u00e9 soluci\u00f3n.&nbsp;<\/p>\n\n\n\n<p>Los manifestantes expusieron que desde el inicio de la actual administraci\u00f3n se retiraron las c\u00e1maras de videovigilancia que hab\u00eda en ciertos puntos de la ciudad; adem\u00e1s, solicitaron la presencia de la Guardia Nacional, pues aseguran sean suscitado varios hechos de violencia recientemente.<\/p>\n\n\n\n<p>La ma\u00f1ana de este viernes durante la conmemoraci\u00f3n del 109 aniversario de la defensa del Puerto de Veracruz, la Fiscal General de Veracruz, Ver\u00f3nica Hern\u00e1ndez Giadans, dijo que est\u00e1n a punto de judicializar la carpeta de investigaci\u00f3n y se encuentran en b\u00fasqueda del presunto de responsable.<\/p>\n\n\n\n<p>&#8220;Vamos avanzados en la investigaci\u00f3n, fue un lamentable hecho en donde ya tenemos identificado el presunto responsable y estamos ya por judicializar la carpeta y en b\u00fasqueda del mismo (\u2026) ya tenemos practicamente la identidad&#8221;, remat\u00f3.<\/p>\n","protected":false},"excerpt":{"rendered":"<p>Alejandro \u00c1vila Veracruz, Ver.- La ma\u00f1ana de este viernes familiares y amigos de Estefany Nahomi cerraron el acceso a la cabecera municipal de Tecolutla, pues acusan a las autoridades policiales de negarse a aprehender al presunto asesino de la joven, quien hoy se encuentra pr\u00f3fugo. Los manifestantes declararon que minutos despu\u00e9s del lamentable suceso informaron [&hellip;]<\/p>\n","protected":false},"author":2476,"featured_media":39555,"comment_status":"open","ping_status":"open","sticky":false,"template":"","format":"standard","meta":{"_jetpack_memberships_contains_paid_content":false,"footnotes":""},"categories":[2],"tags":[],"class_list":["post-39554","post","type-post","status-publish","format-standard","has-post-thumbnail","hentry","category-estado"],"jetpack_featured_media_url":"https:\/\/encuentroinformativo.com.mx\/wp-content\/uploads\/2023\/04\/IMG-20230421-WA0060.jpg","jetpack_sharing_enabled":true,"jetpack_likes_enabled":true,"amp_enabled":true,"_links":{"self":[{"href":"https:\/\/encuentroinformativo.com.mx\/index.php?rest_route=\/wp\/v2\/posts\/39554","targetHints":{"allow":["GET"]}}],"collection":[{"href":"https:\/\/encuentroinformativo.com.mx\/index.php?rest_route=\/wp\/v2\/posts"}],"about":[{"href":"https:\/\/encuentroinformativo.com.mx\/index.php?rest_route=\/wp\/v2\/types\/post"}],"author":[{"embeddable":true,"href":"https:\/\/encuentroinformativo.com.mx\/index.php?rest_route=\/wp\/v2\/users\/2476"}],"replies":[{"embeddable":true,"href":"https:\/\/encuentroinformativo.com.mx\/index.php?rest_route=%2Fwp%2Fv2%2Fcomments&post=39554"}],"version-history":[{"count":1,"href":"https:\/\/encuentroinformativo.com.mx\/index.php?rest_route=\/wp\/v2\/posts\/39554\/revisions"}],"predecessor-version":[{"id":39556,"href":"https:\/\/encuentroinformativo.com.mx\/index.php?rest_route=\/wp\/v2\/posts\/39554\/revisions\/39556"}],"wp:featuredmedia":[{"embeddable":true,"href":"https:\/\/encuentroinformativo.com.mx\/index.php?rest_route=\/wp\/v2\/media\/39555"}],"wp:attachment":[{"href":"https:\/\/encuentroinformativo.com.mx\/index.php?rest_route=%2Fwp%2Fv2%2Fmedia&parent=39554"}],"wp:term":[{"taxonomy":"category","embeddable":true,"href":"https:\/\/encuentroinformativo.com.mx\/index.php?rest_route=%2Fwp%2Fv2%2Fcategories&post=39554"},{"taxonomy":"post_tag","embeddable":true,"href":"https:\/\/encuentroinformativo.com.mx\/index.php?rest_route=%2Fwp%2Fv2%2Ftags&post=39554"}],"curies":[{"name":"wp","href":"https:\/\/api.w.org\/{rel}","templated":true}]}}