{"id":39557,"date":"2023-04-21T10:04:30","date_gmt":"2023-04-21T16:04:30","guid":{"rendered":"https:\/\/encuentroinformativo.com.mx\/?p=39557"},"modified":"2023-04-21T11:21:11","modified_gmt":"2023-04-21T17:21:11","slug":"homicida-de-naomi-esta-identificado-afirma-fiscalia","status":"publish","type":"post","link":"https:\/\/encuentroinformativo.com.mx\/?p=39557","title":{"rendered":"Homicida de Naomi est\u00e1 identificado, afirma Fiscal\u00eda"},"content":{"rendered":"\n<p><strong>Dar\u00edo Pale <\/strong><\/p>\n\n\n\n<p>Xalapa, Ver.- La Fiscal\u00eda General del Estado (FGE), ya identific\u00f3 al feminicida de la peque\u00f1a Estefany Naomi, quien fuera asesinada en Tecolutla, as\u00ed lo inform\u00f3 la titular de dicha dependencia Veronica Hern\u00e1ndez Giadans.<\/p>\n\n\n\n<p>En entrevista inform\u00f3 que ya tienen identificado al presunto responsable del feminicidio de la menor Estefany Naomi, de apenas 13 a\u00f1os de edad, quien fue asesinada este jueves en el municipio de Tecolutla.<\/p>\n\n\n\n<p>&#8220;Ya tenemos identificado al responsable y estamos ya por judicializar la carpeta y en b\u00fasqueda del mismo y, como siempre, no habr\u00e1 impunidad&#8221;, se\u00f1al\u00f3.<\/p>\n\n\n\n<p>Este jueves, alrededor de las 13:00 horas fue asesinada la menor, primero se dijo que hab\u00eda sido apu\u00f1alada, posteriormente se inform\u00f3 que fue degollada, a\u00fan no se confirma dicha informaci\u00f3n.<\/p>\n\n\n\n<p>Los hechos ocurrieron en la calle Miguel Hidalgo de la cabecera municipal, cuando circulaba en su bicicleta.<\/p>\n\n\n\n<p>El acontecimiento g\u00e9nero gran zozobra entre los habitantes, quienes no tienen una informaci\u00f3n certera y es que algunos dicen que hombres desconocidos, abordo de una motocicleta le dieron alcance y la atacaron, quit\u00e1ndole la vida en el lugar.<\/p>\n\n\n\n<p>Por \u00faltimo cabe se\u00f1alar que otras personas dicen que simplemente iba pasando cuando sujetos la abordaron y la apu\u00f1alaron, Estefany Naomi ten\u00eda su domicilio en la calle Coahuila, en la colonia Sector Popular.<\/p>\n","protected":false},"excerpt":{"rendered":"<p>Dar\u00edo Pale Xalapa, Ver.- La Fiscal\u00eda General del Estado (FGE), ya identific\u00f3 al feminicida de la peque\u00f1a Estefany Naomi, quien fuera asesinada en Tecolutla, as\u00ed lo inform\u00f3 la titular de dicha dependencia Veronica Hern\u00e1ndez Giadans. En entrevista inform\u00f3 que ya tienen identificado al presunto responsable del feminicidio de la menor Estefany Naomi, de apenas 13 [&hellip;]<\/p>\n","protected":false},"author":2476,"featured_media":39558,"comment_status":"open","ping_status":"open","sticky":false,"template":"","format":"standard","meta":{"_jetpack_memberships_contains_paid_content":false,"footnotes":""},"categories":[2],"tags":[],"class_list":["post-39557","post","type-post","status-publish","format-standard","has-post-thumbnail","hentry","category-estado"],"jetpack_featured_media_url":"https:\/\/encuentroinformativo.com.mx\/wp-content\/uploads\/2023\/04\/IMG-20230421-WA0062.jpg","jetpack_sharing_enabled":true,"jetpack_likes_enabled":true,"amp_enabled":true,"_links":{"self":[{"href":"https:\/\/encuentroinformativo.com.mx\/index.php?rest_route=\/wp\/v2\/posts\/39557","targetHints":{"allow":["GET"]}}],"collection":[{"href":"https:\/\/encuentroinformativo.com.mx\/index.php?rest_route=\/wp\/v2\/posts"}],"about":[{"href":"https:\/\/encuentroinformativo.com.mx\/index.php?rest_route=\/wp\/v2\/types\/post"}],"author":[{"embeddable":true,"href":"https:\/\/encuentroinformativo.com.mx\/index.php?rest_route=\/wp\/v2\/users\/2476"}],"replies":[{"embeddable":true,"href":"https:\/\/encuentroinformativo.com.mx\/index.php?rest_route=%2Fwp%2Fv2%2Fcomments&post=39557"}],"version-history":[{"count":1,"href":"https:\/\/encuentroinformativo.com.mx\/index.php?rest_route=\/wp\/v2\/posts\/39557\/revisions"}],"predecessor-version":[{"id":39559,"href":"https:\/\/encuentroinformativo.com.mx\/index.php?rest_route=\/wp\/v2\/posts\/39557\/revisions\/39559"}],"wp:featuredmedia":[{"embeddable":true,"href":"https:\/\/encuentroinformativo.com.mx\/index.php?rest_route=\/wp\/v2\/media\/39558"}],"wp:attachment":[{"href":"https:\/\/encuentroinformativo.com.mx\/index.php?rest_route=%2Fwp%2Fv2%2Fmedia&parent=39557"}],"wp:term":[{"taxonomy":"category","embeddable":true,"href":"https:\/\/encuentroinformativo.com.mx\/index.php?rest_route=%2Fwp%2Fv2%2Fcategories&post=39557"},{"taxonomy":"post_tag","embeddable":true,"href":"https:\/\/encuentroinformativo.com.mx\/index.php?rest_route=%2Fwp%2Fv2%2Ftags&post=39557"}],"curies":[{"name":"wp","href":"https:\/\/api.w.org\/{rel}","templated":true}]}}