{"id":3956,"date":"2020-07-08T13:49:17","date_gmt":"2020-07-08T18:49:17","guid":{"rendered":"https:\/\/encuentroinformativo.com\/?p=3956"},"modified":"2020-07-08T13:49:19","modified_gmt":"2020-07-08T18:49:19","slug":"fallecio-lider-de-los-400-pueblos","status":"publish","type":"post","link":"https:\/\/encuentroinformativo.com.mx\/?p=3956","title":{"rendered":"Falleci\u00f3 l\u00edder de los 400 Pueblos"},"content":{"rendered":"\n<p><strong>Juan Arcos <\/strong><\/p>\n\n\n\n<p>Xalapa, Ver.- C\u00e9sar del \u00c1ngel Fuentes, l\u00edder del Movimiento de los 400 Pueblos, falleci\u00f3 esta ma\u00f1ana a sus 79 a\u00f1os en un hospital de la Ciudad de M\u00e9xico.<\/p>\n\n\n\n<p>As\u00ed lo confirm\u00f3 Juan Pedro Pascual, su asistente y uno de sus amigos m\u00e1s allegados al interior de la organizaci\u00f3n campesina.<\/p>\n\n\n\n<p>El deceso se report\u00f3 a las 6:00 horas de este mi\u00e9rcoles 8 de julio, despu\u00e9s de 24 a\u00f1os de encabezar la agrupaci\u00f3n.<\/p>\n\n\n\n<p>\u201cYa no hay hombres como \u00e9l, despu\u00e9s de Zapata y Villa, ya no hay como C\u00e9sar del \u00c1ngel\u201d, expres\u00f3 don Pedro, con un nudo en la garganta.<\/p>\n\n\n\n<p>El entrevistado detall\u00f3 que el velorio ser\u00eda en la capital del pa\u00eds. Hasta el momento, se desconocen las causas de su fallecimiento.<\/p>\n\n\n\n<p>Del \u00c1ngel Fuentes dirig\u00eda una organizaci\u00f3n campesina, conocida por su extravagante forma de manifestarse, pues sus integrantes sal\u00edan a las calles en pa\u00f1os menores para exigir mejores condiciones en sus poblaciones.<\/p>\n\n\n\n<p>Fue muy criticado por permitir que mujeres participaran en las movilizaciones, estando desnudas de la cintura al cuello.<br>Sus protestas eran comunes en los estados de Oaxaca, Chiapas, Veracruz y en la Ciudad de M\u00e9xico.<\/p>\n\n\n\n<p>El 27 de enero de 2017, C\u00e9sar del \u00c1ngel fue detenido y trasladado al penal de Pacho Viejo, municipio de Coatepec.<\/p>\n\n\n\n<p>La Fiscal\u00eda General del Estado (FGE) ejecut\u00f3 una orden de aprehensi\u00f3n, luego de que en 2016, los integrantes de dicha agrupaci\u00f3n agredieran al personal del entonces gobernador electo Miguel \u00c1ngel Yunes Linares y del entonces dirigente del Partido Acci\u00f3n Nacional (PAN), Ricardo Anaya, cuando se encontraban en el Congreso de Veracruz.<\/p>\n\n\n\n<p>El dirigente de los 400 Pueblos hab\u00eda estado internado en un hospital, en calidad de detenido, por padecer enfermedades cr\u00f3nicas, como pancreatitis y problemas renales.<\/p>\n\n\n\n<p>En diciembre de 2018, Del \u00c1ngel Fuentes fue puesto en libertad bajo fianza por un juez en Veracruz, por los que, un a\u00f1o despu\u00e9s, regres\u00f3 a sus protestas en la capital de Veracruz.<\/p>\n\n\n\n<p><\/p>\n","protected":false},"excerpt":{"rendered":"<p>Juan Arcos Xalapa, Ver.- C\u00e9sar del \u00c1ngel Fuentes, l\u00edder del Movimiento de los 400 Pueblos, falleci\u00f3 esta ma\u00f1ana a sus 79 a\u00f1os en un hospital de la Ciudad de M\u00e9xico. As\u00ed lo confirm\u00f3 Juan Pedro Pascual, su asistente y uno de sus amigos m\u00e1s allegados al interior de la organizaci\u00f3n campesina. El deceso se report\u00f3 [&hellip;]<\/p>\n","protected":false},"author":1,"featured_media":3957,"comment_status":"open","ping_status":"open","sticky":false,"template":"","format":"standard","meta":{"_jetpack_memberships_contains_paid_content":false,"footnotes":""},"categories":[2],"tags":[],"class_list":["post-3956","post","type-post","status-publish","format-standard","has-post-thumbnail","hentry","category-estado"],"jetpack_featured_media_url":"https:\/\/encuentroinformativo.com.mx\/wp-content\/uploads\/2020\/07\/A6D37D32-2A55-4069-AF54-1A703543DCC3.jpeg","jetpack_sharing_enabled":true,"jetpack_likes_enabled":true,"amp_enabled":true,"_links":{"self":[{"href":"https:\/\/encuentroinformativo.com.mx\/index.php?rest_route=\/wp\/v2\/posts\/3956","targetHints":{"allow":["GET"]}}],"collection":[{"href":"https:\/\/encuentroinformativo.com.mx\/index.php?rest_route=\/wp\/v2\/posts"}],"about":[{"href":"https:\/\/encuentroinformativo.com.mx\/index.php?rest_route=\/wp\/v2\/types\/post"}],"author":[{"embeddable":true,"href":"https:\/\/encuentroinformativo.com.mx\/index.php?rest_route=\/wp\/v2\/users\/1"}],"replies":[{"embeddable":true,"href":"https:\/\/encuentroinformativo.com.mx\/index.php?rest_route=%2Fwp%2Fv2%2Fcomments&post=3956"}],"version-history":[{"count":1,"href":"https:\/\/encuentroinformativo.com.mx\/index.php?rest_route=\/wp\/v2\/posts\/3956\/revisions"}],"predecessor-version":[{"id":3958,"href":"https:\/\/encuentroinformativo.com.mx\/index.php?rest_route=\/wp\/v2\/posts\/3956\/revisions\/3958"}],"wp:featuredmedia":[{"embeddable":true,"href":"https:\/\/encuentroinformativo.com.mx\/index.php?rest_route=\/wp\/v2\/media\/3957"}],"wp:attachment":[{"href":"https:\/\/encuentroinformativo.com.mx\/index.php?rest_route=%2Fwp%2Fv2%2Fmedia&parent=3956"}],"wp:term":[{"taxonomy":"category","embeddable":true,"href":"https:\/\/encuentroinformativo.com.mx\/index.php?rest_route=%2Fwp%2Fv2%2Fcategories&post=3956"},{"taxonomy":"post_tag","embeddable":true,"href":"https:\/\/encuentroinformativo.com.mx\/index.php?rest_route=%2Fwp%2Fv2%2Ftags&post=3956"}],"curies":[{"name":"wp","href":"https:\/\/api.w.org\/{rel}","templated":true}]}}