{"id":39562,"date":"2023-04-21T13:11:12","date_gmt":"2023-04-21T19:11:12","guid":{"rendered":"https:\/\/encuentroinformativo.com.mx\/?p=39562"},"modified":"2023-04-21T13:11:15","modified_gmt":"2023-04-21T19:11:15","slug":"acusan-a-taxista-de-agresiones","status":"publish","type":"post","link":"https:\/\/encuentroinformativo.com.mx\/?p=39562","title":{"rendered":"Acusan a taxista de agresiones"},"content":{"rendered":"\n<p>Xalapa, Ver.- A trav\u00e9s de redes sociales se dio a conocer que el conductor del taxi n\u00famero econ\u00f3mico XL-7381 Xalapa,\u00a0 agredi\u00f3 y amenaz\u00f3 al parecer de &#8220;muerte&#8221; al conductor de un veh\u00edculo\u00a0 particular, marca DART placas de Veracruz YGK-018-B en la calle Zamora.<\/p>\n\n\n\n<p>Ante el enfrentamiento fue necesario que solicitaran el apoyo de la polic\u00eda de seguridad p\u00fablica antes de que se saliera de control. El taxista no quiso dar su nombre.<\/p>\n\n\n\n<figure class=\"wp-block-image size-large\"><img loading=\"lazy\" decoding=\"async\" width=\"1024\" height=\"768\" src=\"https:\/\/encuentroinformativo.com.mx\/wp-content\/uploads\/2023\/04\/IMG-20230421-WA0087-1024x768.jpg\" alt=\"\" class=\"wp-image-39564\" srcset=\"https:\/\/encuentroinformativo.com.mx\/wp-content\/uploads\/2023\/04\/IMG-20230421-WA0087-1024x768.jpg 1024w, https:\/\/encuentroinformativo.com.mx\/wp-content\/uploads\/2023\/04\/IMG-20230421-WA0087-300x225.jpg 300w, https:\/\/encuentroinformativo.com.mx\/wp-content\/uploads\/2023\/04\/IMG-20230421-WA0087-768x576.jpg 768w, https:\/\/encuentroinformativo.com.mx\/wp-content\/uploads\/2023\/04\/IMG-20230421-WA0087.jpg 1040w\" sizes=\"auto, (max-width: 1024px) 100vw, 1024px\" \/><\/figure>\n","protected":false},"excerpt":{"rendered":"<p>Xalapa, Ver.- A trav\u00e9s de redes sociales se dio a conocer que el conductor del taxi n\u00famero econ\u00f3mico XL-7381 Xalapa,\u00a0 agredi\u00f3 y amenaz\u00f3 al parecer de &#8220;muerte&#8221; al conductor de un veh\u00edculo\u00a0 particular, marca DART placas de Veracruz YGK-018-B en la calle Zamora. Ante el enfrentamiento fue necesario que solicitaran el apoyo de la polic\u00eda [&hellip;]<\/p>\n","protected":false},"author":2476,"featured_media":39563,"comment_status":"open","ping_status":"open","sticky":false,"template":"","format":"standard","meta":{"_jetpack_memberships_contains_paid_content":false,"footnotes":""},"categories":[3],"tags":[],"class_list":["post-39562","post","type-post","status-publish","format-standard","has-post-thumbnail","hentry","category-xalapa"],"jetpack_featured_media_url":"https:\/\/encuentroinformativo.com.mx\/wp-content\/uploads\/2023\/04\/IMG-20230421-WA0084.jpg","jetpack_sharing_enabled":true,"jetpack_likes_enabled":true,"amp_enabled":true,"_links":{"self":[{"href":"https:\/\/encuentroinformativo.com.mx\/index.php?rest_route=\/wp\/v2\/posts\/39562","targetHints":{"allow":["GET"]}}],"collection":[{"href":"https:\/\/encuentroinformativo.com.mx\/index.php?rest_route=\/wp\/v2\/posts"}],"about":[{"href":"https:\/\/encuentroinformativo.com.mx\/index.php?rest_route=\/wp\/v2\/types\/post"}],"author":[{"embeddable":true,"href":"https:\/\/encuentroinformativo.com.mx\/index.php?rest_route=\/wp\/v2\/users\/2476"}],"replies":[{"embeddable":true,"href":"https:\/\/encuentroinformativo.com.mx\/index.php?rest_route=%2Fwp%2Fv2%2Fcomments&post=39562"}],"version-history":[{"count":1,"href":"https:\/\/encuentroinformativo.com.mx\/index.php?rest_route=\/wp\/v2\/posts\/39562\/revisions"}],"predecessor-version":[{"id":39565,"href":"https:\/\/encuentroinformativo.com.mx\/index.php?rest_route=\/wp\/v2\/posts\/39562\/revisions\/39565"}],"wp:featuredmedia":[{"embeddable":true,"href":"https:\/\/encuentroinformativo.com.mx\/index.php?rest_route=\/wp\/v2\/media\/39563"}],"wp:attachment":[{"href":"https:\/\/encuentroinformativo.com.mx\/index.php?rest_route=%2Fwp%2Fv2%2Fmedia&parent=39562"}],"wp:term":[{"taxonomy":"category","embeddable":true,"href":"https:\/\/encuentroinformativo.com.mx\/index.php?rest_route=%2Fwp%2Fv2%2Fcategories&post=39562"},{"taxonomy":"post_tag","embeddable":true,"href":"https:\/\/encuentroinformativo.com.mx\/index.php?rest_route=%2Fwp%2Fv2%2Ftags&post=39562"}],"curies":[{"name":"wp","href":"https:\/\/api.w.org\/{rel}","templated":true}]}}