{"id":39568,"date":"2023-04-21T14:23:13","date_gmt":"2023-04-21T20:23:13","guid":{"rendered":"https:\/\/encuentroinformativo.com.mx\/?p=39568"},"modified":"2023-04-21T14:23:17","modified_gmt":"2023-04-21T20:23:17","slug":"buscan-raja-politica-con-tema-de-taxistas-cazarin","status":"publish","type":"post","link":"https:\/\/encuentroinformativo.com.mx\/?p=39568","title":{"rendered":"Buscan &#8216;raja politica&#8217; con tema de taxistas: Cazar\u00edn"},"content":{"rendered":"\n<p><strong>Dar\u00edo Pale <\/strong><\/p>\n\n\n\n<p>Xalapa, Ver.- El diputado local y presidente de la Junta de Coordinaci\u00f3n Pol\u00edtica (JUCOPO), del Congreso del Estado, Juan Javier G\u00f3mez Cazarin se\u00f1al\u00f3 que, muchos quieren sacar raja pol\u00edtica con los transportistas sin pensar en el bienestar del pueblo.<\/p>\n\n\n\n<p>En entrevista invit\u00f3 a todos los gremios del transporte para que se hagan mesas de trabajo, ya que ha sostenido reuniones con algunos grupos de todo el estado donde le expresan las diferentes situaciones que viven.<\/p>\n\n\n\n<p>Coment\u00f3 que no quieren aceptar la modernidad de los veh\u00edculos a pesar de que algunos est\u00e1n trabajando desde el 2010, y para el usuario ya no es c\u00f3modo viajar en una unidad de trece a\u00f1os, por lo que tienen que dialogar con los \u00f3rganos correspondientes para darles una soluci\u00f3n.<\/p>\n\n\n\n<p>Dijo que est\u00e1n dispuestos a dialogar y a seguir trabajando con todos ellos ya que los diputados est\u00e1n dispuestos a apoyarlos.<\/p>\n\n\n\n<p>En cuanto al ajuste de las tarifas se\u00f1al\u00f3 que para ello deben de modernizar las unidades ya que de lo contrario no pueden cobrarle m\u00e1s caro a los pasajeros, la gasolina casi no ha aumentado de precio, entienden que posiblemente las refacciones sean un poco m\u00e1s caras debido al \u00edndice inflacionario pero es cuesti\u00f3n de hablar.<\/p>\n\n\n\n<p>Dijo que es normal que cuando est\u00e1n por iniciar los tiempos de elecciones salen este tipo de temas los cuales pueden generar votos a favor y en contra, por lo que son temas que todos deben de trabajar pensando tanto en los transportistas como en los usuarios.<\/p>\n\n\n\n<p>Al igual que los transportistas se\u00f1alan que las unidades est\u00e1n en buen estado los usuarios se\u00f1alan que las unidades contaminan, que los interiores no son c\u00f3modos para ellos, entiendes que acaban de pasar por una pandemia y fue muy dif\u00edcil para los transportistas por lo que muchos no est\u00e1n en la posibilidad de cambiar alguna unidad en la revista.<\/p>\n\n\n\n<p>Finalmente se\u00f1al\u00f3 que, hay quienes quieren sacar raja pol\u00edtica de esta situaci\u00f3n y no piensan en el bienestar del pueblo, por lo que su tema de mucha importancia para toda la poblaci\u00f3n.<\/p>\n","protected":false},"excerpt":{"rendered":"<p>Dar\u00edo Pale Xalapa, Ver.- El diputado local y presidente de la Junta de Coordinaci\u00f3n Pol\u00edtica (JUCOPO), del Congreso del Estado, Juan Javier G\u00f3mez Cazarin se\u00f1al\u00f3 que, muchos quieren sacar raja pol\u00edtica con los transportistas sin pensar en el bienestar del pueblo. En entrevista invit\u00f3 a todos los gremios del transporte para que se hagan mesas [&hellip;]<\/p>\n","protected":false},"author":2476,"featured_media":39569,"comment_status":"open","ping_status":"open","sticky":false,"template":"","format":"standard","meta":{"_jetpack_memberships_contains_paid_content":false,"footnotes":""},"categories":[2],"tags":[],"class_list":["post-39568","post","type-post","status-publish","format-standard","has-post-thumbnail","hentry","category-estado"],"jetpack_featured_media_url":"https:\/\/encuentroinformativo.com.mx\/wp-content\/uploads\/2023\/04\/IMG-20230421-WA01952.jpg","jetpack_sharing_enabled":true,"jetpack_likes_enabled":true,"amp_enabled":true,"_links":{"self":[{"href":"https:\/\/encuentroinformativo.com.mx\/index.php?rest_route=\/wp\/v2\/posts\/39568","targetHints":{"allow":["GET"]}}],"collection":[{"href":"https:\/\/encuentroinformativo.com.mx\/index.php?rest_route=\/wp\/v2\/posts"}],"about":[{"href":"https:\/\/encuentroinformativo.com.mx\/index.php?rest_route=\/wp\/v2\/types\/post"}],"author":[{"embeddable":true,"href":"https:\/\/encuentroinformativo.com.mx\/index.php?rest_route=\/wp\/v2\/users\/2476"}],"replies":[{"embeddable":true,"href":"https:\/\/encuentroinformativo.com.mx\/index.php?rest_route=%2Fwp%2Fv2%2Fcomments&post=39568"}],"version-history":[{"count":1,"href":"https:\/\/encuentroinformativo.com.mx\/index.php?rest_route=\/wp\/v2\/posts\/39568\/revisions"}],"predecessor-version":[{"id":39570,"href":"https:\/\/encuentroinformativo.com.mx\/index.php?rest_route=\/wp\/v2\/posts\/39568\/revisions\/39570"}],"wp:featuredmedia":[{"embeddable":true,"href":"https:\/\/encuentroinformativo.com.mx\/index.php?rest_route=\/wp\/v2\/media\/39569"}],"wp:attachment":[{"href":"https:\/\/encuentroinformativo.com.mx\/index.php?rest_route=%2Fwp%2Fv2%2Fmedia&parent=39568"}],"wp:term":[{"taxonomy":"category","embeddable":true,"href":"https:\/\/encuentroinformativo.com.mx\/index.php?rest_route=%2Fwp%2Fv2%2Fcategories&post=39568"},{"taxonomy":"post_tag","embeddable":true,"href":"https:\/\/encuentroinformativo.com.mx\/index.php?rest_route=%2Fwp%2Fv2%2Ftags&post=39568"}],"curies":[{"name":"wp","href":"https:\/\/api.w.org\/{rel}","templated":true}]}}