{"id":39577,"date":"2023-04-21T14:39:52","date_gmt":"2023-04-21T20:39:52","guid":{"rendered":"https:\/\/encuentroinformativo.com.mx\/?p=39577"},"modified":"2023-04-21T14:39:57","modified_gmt":"2023-04-21T20:39:57","slug":"niega-adan-augusto-diferencias-con-cuitlahuac-garcia","status":"publish","type":"post","link":"https:\/\/encuentroinformativo.com.mx\/?p=39577","title":{"rendered":"Niega Ad\u00e1n Augusto  diferencias con Cuitl\u00e1huac Garc\u00eda"},"content":{"rendered":"\n<p><strong>Alejandro \u00c1vila<\/strong><\/p>\n\n\n\n<p>Veracruz, Ver.- El secretario de Gobierno Federal Ad\u00e1n Augusto L\u00f3pez Hern\u00e1ndez, descart\u00f3 rencores o diferencias con el gobernador de Veracruz, Cuitl\u00e1huac Garc\u00eda Jim\u00e9nez.<\/p>\n\n\n\n<p>Durante su visita a Veracruz por la conmemoraci\u00f3n del 109 aniversario de la defensa del Puerto de Veracruz; el funcionario federal descart\u00f3 molestia por la clara simpat\u00eda que existe de Cuitl\u00e1huac Garc\u00eda hacia la presidenciable, Claudia Sheinbaum.<\/p>\n\n\n\n<p>Cabe mencionar que hace una semana, dos de los aspirantes a la presidencia de la rep\u00fablica por el partido Morena, Ad\u00e1n Augusto L\u00f3pez y Claudia Sheinbaum, visitaron el sur de la entidad veracruzana; sin embargo, el gobernador Cuitl\u00e1huac Garc\u00eda Jim\u00e9nez, decidi\u00f3 solo acompa\u00f1ar a la Jefa de Gobierno de la Ciudad de M\u00e9xico en su visita al municipio de Minatitl\u00e1n.<\/p>\n\n\n\n<p>\u201cSiempre hemos convivido (..) en alguna ocasi\u00f3n el me acompa\u00f1\u00f3 , hace dos o tres meses , se vale pues\u201d, dijo.&nbsp;<\/p>\n\n\n\n<p>En entrevista, se\u00f1al\u00f3 que se vale que tengan sus consentidos para la Presidencia de la Rep\u00fablica en el 2024.<\/p>\n\n\n\n<p>En otro tema, se le cuestion\u00f3 sobre su relaci\u00f3n con el diputado federal, Sergio Guti\u00e9rrez Luna, ya que el legislador se ha promovido como su operador pol\u00edtico en Veracruz.<\/p>\n\n\n\n<p>&#8220;Voy a seguir con las giras, a\u00fan no tengo fecha, estoy en Veracruz, ma\u00f1ana en Yucat\u00e1n (\u2026) no tengo nada que responder, es nuestro amigo (Sergio Guti\u00e9rrez) y trabajamos muy bien con \u00e9l de manera institucional\u201d, a\u00f1adi\u00f3.&nbsp;<\/p>\n","protected":false},"excerpt":{"rendered":"<p>Alejandro \u00c1vila Veracruz, Ver.- El secretario de Gobierno Federal Ad\u00e1n Augusto L\u00f3pez Hern\u00e1ndez, descart\u00f3 rencores o diferencias con el gobernador de Veracruz, Cuitl\u00e1huac Garc\u00eda Jim\u00e9nez. Durante su visita a Veracruz por la conmemoraci\u00f3n del 109 aniversario de la defensa del Puerto de Veracruz; el funcionario federal descart\u00f3 molestia por la clara simpat\u00eda que existe de [&hellip;]<\/p>\n","protected":false},"author":2476,"featured_media":39578,"comment_status":"open","ping_status":"open","sticky":false,"template":"","format":"standard","meta":{"_jetpack_memberships_contains_paid_content":false,"footnotes":""},"categories":[2,12],"tags":[],"class_list":["post-39577","post","type-post","status-publish","format-standard","has-post-thumbnail","hentry","category-estado","category-nacional"],"jetpack_featured_media_url":"https:\/\/encuentroinformativo.com.mx\/wp-content\/uploads\/2023\/04\/IMG-20230421-WA01932.jpg","jetpack_sharing_enabled":true,"jetpack_likes_enabled":true,"amp_enabled":true,"_links":{"self":[{"href":"https:\/\/encuentroinformativo.com.mx\/index.php?rest_route=\/wp\/v2\/posts\/39577","targetHints":{"allow":["GET"]}}],"collection":[{"href":"https:\/\/encuentroinformativo.com.mx\/index.php?rest_route=\/wp\/v2\/posts"}],"about":[{"href":"https:\/\/encuentroinformativo.com.mx\/index.php?rest_route=\/wp\/v2\/types\/post"}],"author":[{"embeddable":true,"href":"https:\/\/encuentroinformativo.com.mx\/index.php?rest_route=\/wp\/v2\/users\/2476"}],"replies":[{"embeddable":true,"href":"https:\/\/encuentroinformativo.com.mx\/index.php?rest_route=%2Fwp%2Fv2%2Fcomments&post=39577"}],"version-history":[{"count":1,"href":"https:\/\/encuentroinformativo.com.mx\/index.php?rest_route=\/wp\/v2\/posts\/39577\/revisions"}],"predecessor-version":[{"id":39579,"href":"https:\/\/encuentroinformativo.com.mx\/index.php?rest_route=\/wp\/v2\/posts\/39577\/revisions\/39579"}],"wp:featuredmedia":[{"embeddable":true,"href":"https:\/\/encuentroinformativo.com.mx\/index.php?rest_route=\/wp\/v2\/media\/39578"}],"wp:attachment":[{"href":"https:\/\/encuentroinformativo.com.mx\/index.php?rest_route=%2Fwp%2Fv2%2Fmedia&parent=39577"}],"wp:term":[{"taxonomy":"category","embeddable":true,"href":"https:\/\/encuentroinformativo.com.mx\/index.php?rest_route=%2Fwp%2Fv2%2Fcategories&post=39577"},{"taxonomy":"post_tag","embeddable":true,"href":"https:\/\/encuentroinformativo.com.mx\/index.php?rest_route=%2Fwp%2Fv2%2Ftags&post=39577"}],"curies":[{"name":"wp","href":"https:\/\/api.w.org\/{rel}","templated":true}]}}