{"id":39586,"date":"2023-04-21T17:19:03","date_gmt":"2023-04-21T23:19:03","guid":{"rendered":"https:\/\/encuentroinformativo.com.mx\/?p=39586"},"modified":"2023-04-21T19:12:20","modified_gmt":"2023-04-22T01:12:20","slug":"detienen-a-presunto-implicado-en-asesinato-de-naomi","status":"publish","type":"post","link":"https:\/\/encuentroinformativo.com.mx\/?p=39586","title":{"rendered":"Detienen a presunto implicado en asesinato de Naomi"},"content":{"rendered":"\n<p><strong>Alejandro \u00c1vila<\/strong><\/p>\n\n\n\n<p>Tecolutla, Ver.- El presunto responsable del feminicidio de la ni\u00f1a de 13 a\u00f1os, Estefany Nahomi en el municipio de Tecolutla, fue entregado a las autoridades por sus propios padres y puesto a disposici\u00f3n de la Fiscal\u00eda General del Estado.<\/p>\n\n\n\n<p>Se trata del joven V\u00edctor Yael &#8220;N&#8221; de 14 a\u00f1os de edad, a quien sus progenitores decidieron entregar a las instancias judiciales, tras la presi\u00f3n que ejercieron los ciudadanos del municipio de Tecolutla, los cuales bloquearon la entrada al municipio exigiendo justicia por el asesinato del pasado jueves en la colonia Centro.<\/p>\n\n\n\n<p>Testigos se\u00f1alaron que dos sujetos a bordo de una motocicleta siguieron a la menor que viajaba en su bici y luego de interceptarla, le aceptaron varias pu\u00f1aladas, una de ellas en el cuello que fue mortal.<\/p>\n\n\n\n<p>Desde el pasado jueves, elementos de la Guardia Nacional y la Secretar\u00eda de Seguridad P\u00fablica implementaron un dispositivo de b\u00fasqueda y localizaci\u00f3n para dar con el paradero de los feminicida.<\/p>\n\n\n\n<p>No obstante, habr\u00edan sido los propios progenitores del sujeto identificado como Victor Yael &#8220;N&#8221; quienes lo entregaron ante la polic\u00eda ministerial, los cuales a su vez lo trasladaron a la delegaci\u00f3n de Papantla.<\/p>\n\n\n\n<p>Se espera que una vez rinda su declaraci\u00f3n preparatoria, se pueden tener m\u00e1s pistas sobre el paradero de su c\u00f3mplice, as\u00ed como del motivo por el cual le habr\u00edan arrebatado la vida a la adolescente.<\/p>\n\n\n\n<p>El joven fue llevado al Centro de Internamiento Especial para Adolescentes, ubicado en la localidad de Palma Sola en el municipio de Alto Lucero.<\/p>\n","protected":false},"excerpt":{"rendered":"<p>Alejandro \u00c1vila Tecolutla, Ver.- El presunto responsable del feminicidio de la ni\u00f1a de 13 a\u00f1os, Estefany Nahomi en el municipio de Tecolutla, fue entregado a las autoridades por sus propios padres y puesto a disposici\u00f3n de la Fiscal\u00eda General del Estado. Se trata del joven V\u00edctor Yael &#8220;N&#8221; de 14 a\u00f1os de edad, a quien [&hellip;]<\/p>\n","protected":false},"author":2476,"featured_media":39587,"comment_status":"open","ping_status":"open","sticky":false,"template":"","format":"standard","meta":{"_jetpack_memberships_contains_paid_content":false,"footnotes":""},"categories":[14],"tags":[],"class_list":["post-39586","post","type-post","status-publish","format-standard","has-post-thumbnail","hentry","category-policiaca"],"jetpack_featured_media_url":"https:\/\/encuentroinformativo.com.mx\/wp-content\/uploads\/2023\/04\/IMG-20230421-WA0216.jpg","jetpack_sharing_enabled":true,"jetpack_likes_enabled":true,"amp_enabled":true,"_links":{"self":[{"href":"https:\/\/encuentroinformativo.com.mx\/index.php?rest_route=\/wp\/v2\/posts\/39586","targetHints":{"allow":["GET"]}}],"collection":[{"href":"https:\/\/encuentroinformativo.com.mx\/index.php?rest_route=\/wp\/v2\/posts"}],"about":[{"href":"https:\/\/encuentroinformativo.com.mx\/index.php?rest_route=\/wp\/v2\/types\/post"}],"author":[{"embeddable":true,"href":"https:\/\/encuentroinformativo.com.mx\/index.php?rest_route=\/wp\/v2\/users\/2476"}],"replies":[{"embeddable":true,"href":"https:\/\/encuentroinformativo.com.mx\/index.php?rest_route=%2Fwp%2Fv2%2Fcomments&post=39586"}],"version-history":[{"count":2,"href":"https:\/\/encuentroinformativo.com.mx\/index.php?rest_route=\/wp\/v2\/posts\/39586\/revisions"}],"predecessor-version":[{"id":39589,"href":"https:\/\/encuentroinformativo.com.mx\/index.php?rest_route=\/wp\/v2\/posts\/39586\/revisions\/39589"}],"wp:featuredmedia":[{"embeddable":true,"href":"https:\/\/encuentroinformativo.com.mx\/index.php?rest_route=\/wp\/v2\/media\/39587"}],"wp:attachment":[{"href":"https:\/\/encuentroinformativo.com.mx\/index.php?rest_route=%2Fwp%2Fv2%2Fmedia&parent=39586"}],"wp:term":[{"taxonomy":"category","embeddable":true,"href":"https:\/\/encuentroinformativo.com.mx\/index.php?rest_route=%2Fwp%2Fv2%2Fcategories&post=39586"},{"taxonomy":"post_tag","embeddable":true,"href":"https:\/\/encuentroinformativo.com.mx\/index.php?rest_route=%2Fwp%2Fv2%2Ftags&post=39586"}],"curies":[{"name":"wp","href":"https:\/\/api.w.org\/{rel}","templated":true}]}}