{"id":3960,"date":"2020-07-08T14:38:28","date_gmt":"2020-07-08T19:38:28","guid":{"rendered":"https:\/\/encuentroinformativo.com\/?p=3960"},"modified":"2020-07-08T14:38:30","modified_gmt":"2020-07-08T19:38:30","slug":"por-pandemia-disminuyo-80-movimiento-de-transporte-de-carga","status":"publish","type":"post","link":"https:\/\/encuentroinformativo.com.mx\/?p=3960","title":{"rendered":"Por pandemia, disminuy\u00f3 80% movimiento de transporte de carga"},"content":{"rendered":"\n<p><strong>Juan Arcos <\/strong><\/p>\n\n\n\n<p>Xalapa, Ver.- Hasta 80 por ciento cayeron las ganancias del transporte de carga pesada en la entidad veracruzana, durante la pandemia del COVID-19.<\/p>\n\n\n\n<p>As\u00ed lo dio a conocer el consejero nacional de la Alianza Mexicana de Organizaci\u00f3n del Transportistas (Amotac), Juan Ciro Dur\u00e1n Mendoza, quien a\u00f1adi\u00f3 que el n\u00famero de viajes ha disminuido desde marzo pasado.<\/p>\n\n\n\n<p>El entrevistado detall\u00f3 que, en promedio, realizaban 12 viajes al mes de Veracruz a la Ciudad de M\u00e9xico; sin embargo, ahora solo hacen dos, lo que ha afectado sus bolsillos.<\/p>\n\n\n\n<p>Adem\u00e1s, coment\u00f3 que la mayor\u00eda de los camiones de volteo, donde trasladan materiales de construcci\u00f3n como grava, arena y piedra, se encuentran detenidos.<\/p>\n\n\n\n<p>\u201cS\u00ed nos ha afectado, no hay trabajo. Se detiene todo el movimiento laboral, pues los carros de volteo que movemos la arena, la grava, la piedra y esto baj\u00f3\u201d.<\/p>\n\n\n\n<p>Dur\u00e1n Mendoza comenta que los veh\u00edculos tambi\u00e9n dejaron de trabajar, debido a que las grandes industrias cerraron sus puertas por la contingencia sanitaria.<\/p>\n\n\n\n<p>Cabe mencionar que en Veracruz hay m\u00e1s de mil camioneros adheridos a la Amotac, quienes han tenido un poco de actividad en el traslado de alimentos a las centrales de abastos, al tratarse de productos de primera necesidad.<\/p>\n\n\n\n<p>En todo el pa\u00eds, la Alianza Mexicana de Organizaci\u00f3n de Transportistas tiene cerca de 80 mil agremiados.<\/p>\n\n\n\n<p><\/p>\n","protected":false},"excerpt":{"rendered":"<p>Juan Arcos Xalapa, Ver.- Hasta 80 por ciento cayeron las ganancias del transporte de carga pesada en la entidad veracruzana, durante la pandemia del COVID-19. As\u00ed lo dio a conocer el consejero nacional de la Alianza Mexicana de Organizaci\u00f3n del Transportistas (Amotac), Juan Ciro Dur\u00e1n Mendoza, quien a\u00f1adi\u00f3 que el n\u00famero de viajes ha disminuido [&hellip;]<\/p>\n","protected":false},"author":1,"featured_media":3961,"comment_status":"open","ping_status":"open","sticky":false,"template":"","format":"standard","meta":{"_jetpack_memberships_contains_paid_content":false,"footnotes":""},"categories":[2],"tags":[],"class_list":["post-3960","post","type-post","status-publish","format-standard","has-post-thumbnail","hentry","category-estado"],"jetpack_featured_media_url":"https:\/\/encuentroinformativo.com.mx\/wp-content\/uploads\/2020\/07\/951EA8A0-5351-4851-BBD8-953F1EEB7A30.jpeg","jetpack_sharing_enabled":true,"jetpack_likes_enabled":true,"amp_enabled":true,"_links":{"self":[{"href":"https:\/\/encuentroinformativo.com.mx\/index.php?rest_route=\/wp\/v2\/posts\/3960","targetHints":{"allow":["GET"]}}],"collection":[{"href":"https:\/\/encuentroinformativo.com.mx\/index.php?rest_route=\/wp\/v2\/posts"}],"about":[{"href":"https:\/\/encuentroinformativo.com.mx\/index.php?rest_route=\/wp\/v2\/types\/post"}],"author":[{"embeddable":true,"href":"https:\/\/encuentroinformativo.com.mx\/index.php?rest_route=\/wp\/v2\/users\/1"}],"replies":[{"embeddable":true,"href":"https:\/\/encuentroinformativo.com.mx\/index.php?rest_route=%2Fwp%2Fv2%2Fcomments&post=3960"}],"version-history":[{"count":1,"href":"https:\/\/encuentroinformativo.com.mx\/index.php?rest_route=\/wp\/v2\/posts\/3960\/revisions"}],"predecessor-version":[{"id":3962,"href":"https:\/\/encuentroinformativo.com.mx\/index.php?rest_route=\/wp\/v2\/posts\/3960\/revisions\/3962"}],"wp:featuredmedia":[{"embeddable":true,"href":"https:\/\/encuentroinformativo.com.mx\/index.php?rest_route=\/wp\/v2\/media\/3961"}],"wp:attachment":[{"href":"https:\/\/encuentroinformativo.com.mx\/index.php?rest_route=%2Fwp%2Fv2%2Fmedia&parent=3960"}],"wp:term":[{"taxonomy":"category","embeddable":true,"href":"https:\/\/encuentroinformativo.com.mx\/index.php?rest_route=%2Fwp%2Fv2%2Fcategories&post=3960"},{"taxonomy":"post_tag","embeddable":true,"href":"https:\/\/encuentroinformativo.com.mx\/index.php?rest_route=%2Fwp%2Fv2%2Ftags&post=3960"}],"curies":[{"name":"wp","href":"https:\/\/api.w.org\/{rel}","templated":true}]}}