{"id":39604,"date":"2023-04-22T17:55:05","date_gmt":"2023-04-22T23:55:05","guid":{"rendered":"https:\/\/encuentroinformativo.com.mx\/?p=39604"},"modified":"2023-04-22T17:55:09","modified_gmt":"2023-04-22T23:55:09","slug":"turbonada-dejo-caida-de-arboles-en-xalapa-pc","status":"publish","type":"post","link":"https:\/\/encuentroinformativo.com.mx\/?p=39604","title":{"rendered":"Turbonada dej\u00f3 ca\u00edda de \u00e1rboles en Xalapa: PC"},"content":{"rendered":"\n<p><strong>Dar\u00edo Pale <\/strong><\/p>\n\n\n\n<p>Xalapa, Ver.- El director municipal de Protecci\u00f3n Civil Luis Sardi\u00f1a Salgado dio a conocer que la turbonada solo dej\u00f3 ca\u00edda de \u00e1rboles en Xalapa, por lo que solicit\u00f3 a la ciudadan\u00eda \u00a0prevenir por temporada de granizo.<\/p>\n\n\n\n<p>En entrevista se\u00f1al\u00f3 que la ca\u00edda de granizo registrada la tarde de este viernes y el viento, lluvia intensa y tormenta el\u00e9ctrica provocadas la noche del viernes y madrugada del s\u00e1bado por una turbonada generada en las zonas bajas del Cofre de Perote \u00fanicamente provocaron ca\u00edda de \u00e1rboles en Xalapa.<\/p>\n\n\n\n<p>De las 11 de la noche a las 3 de la ma\u00f1ana la tromba peg\u00f3 en la regi\u00f3n de Mart\u00ednez de la Torre y Misantla. La cola de este fen\u00f3meno pas\u00f3 por Xalapa intensificando la lluvia, viento y actividad el\u00e9ctrica, por lo que las \u00e1reas municipales de Protecci\u00f3n Civil, Bomberos y Medio Ambiente permanecieron alertas ante cualquier reporte de emergencia y llamado de la poblaci\u00f3n.\u00a0<\/p>\n\n\n\n<p>Sardi\u00f1a Salgado precis\u00f3 que hay de 6 a 8 \u00e1rboles derribados y algunos con ramas desgajadas, adem\u00e1s de la ca\u00edda de un poste.<\/p>\n\n\n\n<p>&#8220;Desde luego, el alcalde pendiente, le est\u00e1bamos informando en la madrugada lo que estaba sucediendo en el municipio y dando instrucciones para cualquier cosa, cualquier apoyo d\u00e1rselo a la poblaci\u00f3n. No llegamos a un problema mayor, pero s\u00ed hay \u00e1rboles derribados&#8221;, se\u00f1al\u00f3.\u00a0<\/p>\n\n\n\n<p>Finalmente el titular de Protecci\u00f3n Civil municipal dijo a la poblaci\u00f3n que hasta el 30 de mayo hay probabilidad de ca\u00edda de granizo y turbonadas, por lo que pidi\u00f3 a la poblaci\u00f3n a mantenerse alerta y evitar permanecer cerca de los \u00e1rboles cuando se registren vientos, ca\u00edda de granizo o tormentas el\u00e9ctricas.<\/p>\n\n\n\n<figure class=\"wp-block-image size-large\"><img loading=\"lazy\" decoding=\"async\" width=\"901\" height=\"931\" src=\"https:\/\/encuentroinformativo.com.mx\/wp-content\/uploads\/2023\/04\/IMG-20230422-WA00242.jpg\" alt=\"\" class=\"wp-image-39607\" srcset=\"https:\/\/encuentroinformativo.com.mx\/wp-content\/uploads\/2023\/04\/IMG-20230422-WA00242.jpg 901w, https:\/\/encuentroinformativo.com.mx\/wp-content\/uploads\/2023\/04\/IMG-20230422-WA00242-290x300.jpg 290w, https:\/\/encuentroinformativo.com.mx\/wp-content\/uploads\/2023\/04\/IMG-20230422-WA00242-768x794.jpg 768w\" sizes=\"auto, (max-width: 901px) 100vw, 901px\" \/><\/figure>\n","protected":false},"excerpt":{"rendered":"<p>Dar\u00edo Pale Xalapa, Ver.- El director municipal de Protecci\u00f3n Civil Luis Sardi\u00f1a Salgado dio a conocer que la turbonada solo dej\u00f3 ca\u00edda de \u00e1rboles en Xalapa, por lo que solicit\u00f3 a la ciudadan\u00eda \u00a0prevenir por temporada de granizo. En entrevista se\u00f1al\u00f3 que la ca\u00edda de granizo registrada la tarde de este viernes y el viento, [&hellip;]<\/p>\n","protected":false},"author":2476,"featured_media":39606,"comment_status":"open","ping_status":"open","sticky":false,"template":"","format":"standard","meta":{"_jetpack_memberships_contains_paid_content":false,"footnotes":""},"categories":[3],"tags":[],"class_list":["post-39604","post","type-post","status-publish","format-standard","has-post-thumbnail","hentry","category-xalapa"],"jetpack_featured_media_url":"https:\/\/encuentroinformativo.com.mx\/wp-content\/uploads\/2023\/04\/IMG-20230422-WA0030.jpg","jetpack_sharing_enabled":true,"jetpack_likes_enabled":true,"amp_enabled":true,"_links":{"self":[{"href":"https:\/\/encuentroinformativo.com.mx\/index.php?rest_route=\/wp\/v2\/posts\/39604","targetHints":{"allow":["GET"]}}],"collection":[{"href":"https:\/\/encuentroinformativo.com.mx\/index.php?rest_route=\/wp\/v2\/posts"}],"about":[{"href":"https:\/\/encuentroinformativo.com.mx\/index.php?rest_route=\/wp\/v2\/types\/post"}],"author":[{"embeddable":true,"href":"https:\/\/encuentroinformativo.com.mx\/index.php?rest_route=\/wp\/v2\/users\/2476"}],"replies":[{"embeddable":true,"href":"https:\/\/encuentroinformativo.com.mx\/index.php?rest_route=%2Fwp%2Fv2%2Fcomments&post=39604"}],"version-history":[{"count":1,"href":"https:\/\/encuentroinformativo.com.mx\/index.php?rest_route=\/wp\/v2\/posts\/39604\/revisions"}],"predecessor-version":[{"id":39608,"href":"https:\/\/encuentroinformativo.com.mx\/index.php?rest_route=\/wp\/v2\/posts\/39604\/revisions\/39608"}],"wp:featuredmedia":[{"embeddable":true,"href":"https:\/\/encuentroinformativo.com.mx\/index.php?rest_route=\/wp\/v2\/media\/39606"}],"wp:attachment":[{"href":"https:\/\/encuentroinformativo.com.mx\/index.php?rest_route=%2Fwp%2Fv2%2Fmedia&parent=39604"}],"wp:term":[{"taxonomy":"category","embeddable":true,"href":"https:\/\/encuentroinformativo.com.mx\/index.php?rest_route=%2Fwp%2Fv2%2Fcategories&post=39604"},{"taxonomy":"post_tag","embeddable":true,"href":"https:\/\/encuentroinformativo.com.mx\/index.php?rest_route=%2Fwp%2Fv2%2Ftags&post=39604"}],"curies":[{"name":"wp","href":"https:\/\/api.w.org\/{rel}","templated":true}]}}