{"id":39612,"date":"2023-04-22T18:09:32","date_gmt":"2023-04-23T00:09:32","guid":{"rendered":"https:\/\/encuentroinformativo.com.mx\/?p=39612"},"modified":"2023-04-22T18:09:36","modified_gmt":"2023-04-23T00:09:36","slug":"lleva-alcalde-jm-unanue-brigada-medica-a-la-colonia-remes","status":"publish","type":"post","link":"https:\/\/encuentroinformativo.com.mx\/?p=39612","title":{"rendered":"Lleva Alcalde JM Un\u00e1nue Brigada M\u00e9dica a la colonia Remes"},"content":{"rendered":"\n<p>*<strong><em>Junto con el DIF Municipal y el Hospital Covadonga pusieron a disposici\u00f3n servicios de salud con atenci\u00f3n profesional de calidad<\/em>.<\/strong><\/p>\n\n\n\n<p>Boca del Rio, Ver.- El alcalde de Boca del R\u00edo, Juan Manuel de Un\u00e1nue y la presidenta del DIF municipal, Melina Rivera, inauguraron este s\u00e1bado una edici\u00f3n m\u00e1s de la &#8220;Brigada DIF Boca&#8221;, en el parque Remes de la colonia del mismo nombre.<\/p>\n\n\n\n<p>Vecinos y ciudadanos que acudieron a esta brigada pudieron hacer uso de diferentes servicios como consultas m\u00e9dicas, enfermer\u00eda, nutrici\u00f3n, atenci\u00f3n psicol\u00f3gica, fisioterapia entre otros, as\u00ed como la entrega de medicamentos gratuitos y pa\u00f1ales para adultos.<\/p>\n\n\n\n<p>&#8220;Estas brigadas las hacemos con mucho gusto, en estos \u00faltimos meses estamos haciendo llegar este tipo de servicios en conjunto con el DIF municipal y el Hospital Covadonga, por lo que agradezco a todas las doctoras y doctores que est\u00e1n acompa\u00f1\u00e1ndonos este d\u00eda&#8221;, expres\u00f3 el Alcalde.<\/p>\n\n\n\n<p>Por su parte la presidenta del DIF municipal, Melina Rivera de Un\u00e1nue, agradeci\u00f3 la suma de esfuerzos y el compromiso de todo el personal que apoy\u00f3 durante la brigada y asegur\u00f3 que se seguir\u00e1 trabajando para llegar a m\u00e1s colonias boque\u00f1as.<\/p>\n\n\n\n<p>&#8220;S\u00e9 que muchas veces no se tiene acceso tan f\u00e1cil a una consulta m\u00e9dica, a un diagn\u00f3stico o incluso a medicinas, la situaci\u00f3n econ\u00f3mica es complicada y es por eso que todo el equipo del DIF municipal trabaj\u00f3 muy fuerte junto con el hospital Covadonga para estar hoy con ustedes, proporcion\u00e1ndoles servicios m\u00e9dicos sin ning\u00fan costo&#8221;, destac\u00f3 Rivera de Un\u00e1nue.<\/p>\n\n\n\n<p>Por otro lado, el alcalde mencion\u00f3 que esta semana se llev\u00f3 a cabo, con el apoyo del Hospital Covadonga, la campa\u00f1a de cirug\u00eda de cataratas en la que 30 personas fueron beneficiadas para recuperar la vista y as\u00ed mejorar su calidad de vida.<\/p>\n\n\n\n<p>Asimismo pidi\u00f3 a la poblaci\u00f3n boque\u00f1a que requiera este tipo de intervenciones m\u00e9dicas acudir al DIF municipal para solicitar informaci\u00f3n, dando a conocer que este a\u00f1o habr\u00e1 una jornada m\u00e1s de cirug\u00edas de cataratas gratuitas para quienes lo soliciten.<\/p>\n\n\n\n<figure class=\"wp-block-image size-large\"><img loading=\"lazy\" decoding=\"async\" width=\"1024\" height=\"682\" src=\"https:\/\/encuentroinformativo.com.mx\/wp-content\/uploads\/2023\/04\/IMG-20230422-WA0036-1024x682.jpg\" alt=\"\" class=\"wp-image-39614\" srcset=\"https:\/\/encuentroinformativo.com.mx\/wp-content\/uploads\/2023\/04\/IMG-20230422-WA0036-1024x682.jpg 1024w, https:\/\/encuentroinformativo.com.mx\/wp-content\/uploads\/2023\/04\/IMG-20230422-WA0036-300x200.jpg 300w, https:\/\/encuentroinformativo.com.mx\/wp-content\/uploads\/2023\/04\/IMG-20230422-WA0036-768x512.jpg 768w, https:\/\/encuentroinformativo.com.mx\/wp-content\/uploads\/2023\/04\/IMG-20230422-WA0036-1536x1023.jpg 1536w, https:\/\/encuentroinformativo.com.mx\/wp-content\/uploads\/2023\/04\/IMG-20230422-WA0036.jpg 1600w\" sizes=\"auto, (max-width: 1024px) 100vw, 1024px\" \/><\/figure>\n","protected":false},"excerpt":{"rendered":"<p>*Junto con el DIF Municipal y el Hospital Covadonga pusieron a disposici\u00f3n servicios de salud con atenci\u00f3n profesional de calidad. Boca del Rio, Ver.- El alcalde de Boca del R\u00edo, Juan Manuel de Un\u00e1nue y la presidenta del DIF municipal, Melina Rivera, inauguraron este s\u00e1bado una edici\u00f3n m\u00e1s de la &#8220;Brigada DIF Boca&#8221;, en el [&hellip;]<\/p>\n","protected":false},"author":2476,"featured_media":39613,"comment_status":"open","ping_status":"open","sticky":false,"template":"","format":"standard","meta":{"_jetpack_memberships_contains_paid_content":false,"footnotes":""},"categories":[2],"tags":[],"class_list":["post-39612","post","type-post","status-publish","format-standard","has-post-thumbnail","hentry","category-estado"],"jetpack_featured_media_url":"https:\/\/encuentroinformativo.com.mx\/wp-content\/uploads\/2023\/04\/IMG-20230422-WA00382.jpg","jetpack_sharing_enabled":true,"jetpack_likes_enabled":true,"amp_enabled":true,"_links":{"self":[{"href":"https:\/\/encuentroinformativo.com.mx\/index.php?rest_route=\/wp\/v2\/posts\/39612","targetHints":{"allow":["GET"]}}],"collection":[{"href":"https:\/\/encuentroinformativo.com.mx\/index.php?rest_route=\/wp\/v2\/posts"}],"about":[{"href":"https:\/\/encuentroinformativo.com.mx\/index.php?rest_route=\/wp\/v2\/types\/post"}],"author":[{"embeddable":true,"href":"https:\/\/encuentroinformativo.com.mx\/index.php?rest_route=\/wp\/v2\/users\/2476"}],"replies":[{"embeddable":true,"href":"https:\/\/encuentroinformativo.com.mx\/index.php?rest_route=%2Fwp%2Fv2%2Fcomments&post=39612"}],"version-history":[{"count":1,"href":"https:\/\/encuentroinformativo.com.mx\/index.php?rest_route=\/wp\/v2\/posts\/39612\/revisions"}],"predecessor-version":[{"id":39615,"href":"https:\/\/encuentroinformativo.com.mx\/index.php?rest_route=\/wp\/v2\/posts\/39612\/revisions\/39615"}],"wp:featuredmedia":[{"embeddable":true,"href":"https:\/\/encuentroinformativo.com.mx\/index.php?rest_route=\/wp\/v2\/media\/39613"}],"wp:attachment":[{"href":"https:\/\/encuentroinformativo.com.mx\/index.php?rest_route=%2Fwp%2Fv2%2Fmedia&parent=39612"}],"wp:term":[{"taxonomy":"category","embeddable":true,"href":"https:\/\/encuentroinformativo.com.mx\/index.php?rest_route=%2Fwp%2Fv2%2Fcategories&post=39612"},{"taxonomy":"post_tag","embeddable":true,"href":"https:\/\/encuentroinformativo.com.mx\/index.php?rest_route=%2Fwp%2Fv2%2Ftags&post=39612"}],"curies":[{"name":"wp","href":"https:\/\/api.w.org\/{rel}","templated":true}]}}