{"id":39620,"date":"2023-04-22T21:46:13","date_gmt":"2023-04-23T03:46:13","guid":{"rendered":"https:\/\/encuentroinformativo.com.mx\/?p=39620"},"modified":"2023-04-22T21:46:35","modified_gmt":"2023-04-23T03:46:35","slug":"policias-veracruzanos-responsables-de-reducir-la-violencia-cuitlahuac-garcia","status":"publish","type":"post","link":"https:\/\/encuentroinformativo.com.mx\/?p=39620","title":{"rendered":"Polic\u00edas veracruzanos, responsables de reducir la violencia: Cuitl\u00e1huac Garc\u00eda"},"content":{"rendered":"\n<p><strong>*<em>A pesar del embate de la oposici\u00f3n, se cuenta con una instituci\u00f3n renovada.<br>*Hoy toca empu\u00f1ar las armas contra el crimen organizado y el tr\u00e1fico de drogas: SSP<\/em><\/strong><\/p>\n\n\n\n<p>Emiliano Zapata, Ver.- En el marco del D\u00eda del Polic\u00eda Veracruzano \u2212 establecido por decreto en 2019 \u2212 el gobernador Cuitl\u00e1huac Garc\u00eda Jim\u00e9nez reconoci\u00f3 su val\u00eda en estos casi cuatro a\u00f1os porque gracias a ellos Veracruz se encuentra en el puesto n\u00famero 18 por la comisi\u00f3n de homicidios dolosos y ya no en los primeros lugares, a pesar de ser el tercer estado m\u00e1s poblado del pa\u00eds; resultado distinguido por el Gobierno Federal.<\/p>\n\n\n\n<p>\u201cEse es el reconocimiento que les queremos dar, que hoy tenemos m\u00e1s seguridad, por eso vamos a estar reuni\u00e9ndonos aqu\u00ed cada a\u00f1o, porque esta transformaci\u00f3n es irreversible (\u2026) con la corporaci\u00f3n renovada que hoy tenemos, es posible dar los resultados a los que aspiramos.\u201d, refiri\u00f3 al recordar que en esta administraci\u00f3n se han dignificado las condiciones laborales, salarios, capacitaci\u00f3n y equipamiento.<\/p>\n\n\n\n<p>Desde el Centro de Estudios e Investigaci\u00f3n en Seguridad, el Ejecutivo estatal expuso que esta fecha da la oportunidad de rendir homenaje a quienes protegen la vida, la libertad y el patrimonio de las y los veracruzanos, esto tras el mal juicio de la oposici\u00f3n, que se\u00f1alaba errores de algunos elementos que no representaban a la generalidad, perdiendo de vista los actos heroicos cotidianos de la gran mayor\u00eda.<\/p>\n\n\n\n<p>\u201cEl embate de 2019 consisti\u00f3 en denigrar porque est\u00e1bamos decididos a ir tras los delincuentes, tras los peces gordos y ah\u00ed fue cuando el ataque medi\u00e1tico contra nuestra instituci\u00f3n comenz\u00f3; por eso decidimos hablar de los buenos y honrar su compromiso de disminuir la violencia que nos dejaron gobiernos anteriores\u201d.<\/p>\n\n\n\n<p>Durante el acto conmemorativo Garc\u00eda Jim\u00e9nez entreg\u00f3 reconocimientos y condecoraciones a Polic\u00eda del A\u00f1o, Valor Heroico, M\u00e9rito Policial (unidad), M\u00e9rito Deportivo, Perseverancia por 30 y 35 a\u00f1os y Perseverancia Excepcional, por 40 y 50 a\u00f1os.<\/p>\n\n\n\n<p>Junto con el secretario de Seguridad P\u00fablica (SSP), Cuauht\u00e9moc Z\u00fa\u00f1iga Bonilla; la subsecretaria de Prevenci\u00f3n y Participaci\u00f3n Ciudadana, Sarah\u00ed Pe\u00f1a Galaviz, los elementos de la Subsecretar\u00eda de Operaciones, Aaron Bautista Mart\u00ednez y Ana Karen Bencomo Octavo realizaron el dep\u00f3sito de ofrenda floral y guardia de honor frente al busto de Aurelio Monfort en memoria de las y los compa\u00f1eros ca\u00eddos en cumplimiento de su deber.<\/p>\n\n\n\n<p>El titular de SSP reiter\u00f3 la lealtad y compromiso para seguir reduciendo la incidencia en delitos de alto impacto y garantiz\u00f3 que la dependencia \u201cno admite ni tolera la corrupci\u00f3n, violaciones a los derechos humanos, la discriminaci\u00f3n, ni mucho menos el maltrato a las mujeres ni a los grupos vulnerables\u201d.<\/p>\n\n\n\n<p>\u201cEntonces digamos claro y en alto que en Veracruz se cuenta con agentes profesionales, honestos, comprometidos, al servicio de su estado y su pa\u00eds. Nos corresponde empu\u00f1ar las armas de la honestidad, del trabajo y entrega contra las amenazas locales, crimen organizado y tr\u00e1fico de drogas\u201d, asever\u00f3.<\/p>\n\n\n\n<figure class=\"wp-block-image size-large\"><img loading=\"lazy\" decoding=\"async\" width=\"1024\" height=\"682\" src=\"https:\/\/encuentroinformativo.com.mx\/wp-content\/uploads\/2023\/04\/IMG-20230422-WA0074.jpg\" alt=\"\" class=\"wp-image-39621\" srcset=\"https:\/\/encuentroinformativo.com.mx\/wp-content\/uploads\/2023\/04\/IMG-20230422-WA0074.jpg 1024w, https:\/\/encuentroinformativo.com.mx\/wp-content\/uploads\/2023\/04\/IMG-20230422-WA0074-300x200.jpg 300w, https:\/\/encuentroinformativo.com.mx\/wp-content\/uploads\/2023\/04\/IMG-20230422-WA0074-768x512.jpg 768w\" sizes=\"auto, (max-width: 1024px) 100vw, 1024px\" \/><\/figure>\n","protected":false},"excerpt":{"rendered":"<p>*A pesar del embate de la oposici\u00f3n, se cuenta con una instituci\u00f3n renovada.*Hoy toca empu\u00f1ar las armas contra el crimen organizado y el tr\u00e1fico de drogas: SSP Emiliano Zapata, Ver.- En el marco del D\u00eda del Polic\u00eda Veracruzano \u2212 establecido por decreto en 2019 \u2212 el gobernador Cuitl\u00e1huac Garc\u00eda Jim\u00e9nez reconoci\u00f3 su val\u00eda en estos [&hellip;]<\/p>\n","protected":false},"author":2476,"featured_media":39617,"comment_status":"open","ping_status":"open","sticky":false,"template":"","format":"standard","meta":{"_jetpack_memberships_contains_paid_content":false,"footnotes":""},"categories":[2],"tags":[],"class_list":["post-39620","post","type-post","status-publish","format-standard","has-post-thumbnail","hentry","category-estado"],"jetpack_featured_media_url":"https:\/\/encuentroinformativo.com.mx\/wp-content\/uploads\/2023\/04\/IMG-20230422-WA00862.jpg","jetpack_sharing_enabled":true,"jetpack_likes_enabled":true,"amp_enabled":true,"_links":{"self":[{"href":"https:\/\/encuentroinformativo.com.mx\/index.php?rest_route=\/wp\/v2\/posts\/39620","targetHints":{"allow":["GET"]}}],"collection":[{"href":"https:\/\/encuentroinformativo.com.mx\/index.php?rest_route=\/wp\/v2\/posts"}],"about":[{"href":"https:\/\/encuentroinformativo.com.mx\/index.php?rest_route=\/wp\/v2\/types\/post"}],"author":[{"embeddable":true,"href":"https:\/\/encuentroinformativo.com.mx\/index.php?rest_route=\/wp\/v2\/users\/2476"}],"replies":[{"embeddable":true,"href":"https:\/\/encuentroinformativo.com.mx\/index.php?rest_route=%2Fwp%2Fv2%2Fcomments&post=39620"}],"version-history":[{"count":1,"href":"https:\/\/encuentroinformativo.com.mx\/index.php?rest_route=\/wp\/v2\/posts\/39620\/revisions"}],"predecessor-version":[{"id":39622,"href":"https:\/\/encuentroinformativo.com.mx\/index.php?rest_route=\/wp\/v2\/posts\/39620\/revisions\/39622"}],"wp:featuredmedia":[{"embeddable":true,"href":"https:\/\/encuentroinformativo.com.mx\/index.php?rest_route=\/wp\/v2\/media\/39617"}],"wp:attachment":[{"href":"https:\/\/encuentroinformativo.com.mx\/index.php?rest_route=%2Fwp%2Fv2%2Fmedia&parent=39620"}],"wp:term":[{"taxonomy":"category","embeddable":true,"href":"https:\/\/encuentroinformativo.com.mx\/index.php?rest_route=%2Fwp%2Fv2%2Fcategories&post=39620"},{"taxonomy":"post_tag","embeddable":true,"href":"https:\/\/encuentroinformativo.com.mx\/index.php?rest_route=%2Fwp%2Fv2%2Ftags&post=39620"}],"curies":[{"name":"wp","href":"https:\/\/api.w.org\/{rel}","templated":true}]}}