{"id":39628,"date":"2023-04-23T18:07:53","date_gmt":"2023-04-24T00:07:53","guid":{"rendered":"https:\/\/encuentroinformativo.com.mx\/?p=39628"},"modified":"2023-04-23T18:07:59","modified_gmt":"2023-04-24T00:07:59","slug":"reclaman-justicia-para-enfermera-asesinada","status":"publish","type":"post","link":"https:\/\/encuentroinformativo.com.mx\/?p=39628","title":{"rendered":"Reclaman justicia para enfermera asesinada"},"content":{"rendered":"\n<p>Xalapa, Ver.- Al grito de &#8220;El CECAN est\u00e1 de luto, exigimos justicia&#8221;, compa\u00f1eros de las \u00e1reas de hematolog\u00eda, oncolog\u00eda, psicolog\u00eda y enfermer\u00eda de la joven Yarazeth Zepeta Garc\u00eda qui\u00e9n laboraba como enfermera del Centro de Cancerolog\u00eda Dr. Miguel Dorantes Mesa.<\/p>\n\n\n\n<p>Marcharon est\u00e1 tarde para pedir a las autoridades justicia por el asesinato de su compa\u00f1era qui\u00e9n fuera ultimada al interior de su domicilio la madrugada de este s\u00e1bado.<\/p>\n\n\n\n<figure class=\"wp-block-image size-large\"><img loading=\"lazy\" decoding=\"async\" width=\"1024\" height=\"683\" src=\"https:\/\/encuentroinformativo.com.mx\/wp-content\/uploads\/2023\/04\/Photo_1682292838150-1024x683.jpg\" alt=\"\" class=\"wp-image-39630\" srcset=\"https:\/\/encuentroinformativo.com.mx\/wp-content\/uploads\/2023\/04\/Photo_1682292838150-1024x683.jpg 1024w, https:\/\/encuentroinformativo.com.mx\/wp-content\/uploads\/2023\/04\/Photo_1682292838150-300x200.jpg 300w, https:\/\/encuentroinformativo.com.mx\/wp-content\/uploads\/2023\/04\/Photo_1682292838150-768x512.jpg 768w, https:\/\/encuentroinformativo.com.mx\/wp-content\/uploads\/2023\/04\/Photo_1682292838150-1536x1024.jpg 1536w, https:\/\/encuentroinformativo.com.mx\/wp-content\/uploads\/2023\/04\/Photo_1682292838150.jpg 1968w\" sizes=\"auto, (max-width: 1024px) 100vw, 1024px\" \/><\/figure>\n\n\n\n<figure class=\"wp-block-image size-large\"><img loading=\"lazy\" decoding=\"async\" width=\"1024\" height=\"683\" src=\"https:\/\/encuentroinformativo.com.mx\/wp-content\/uploads\/2023\/04\/Photo_1682292811984-1024x683.jpg\" alt=\"\" class=\"wp-image-39631\" srcset=\"https:\/\/encuentroinformativo.com.mx\/wp-content\/uploads\/2023\/04\/Photo_1682292811984-1024x683.jpg 1024w, https:\/\/encuentroinformativo.com.mx\/wp-content\/uploads\/2023\/04\/Photo_1682292811984-300x200.jpg 300w, https:\/\/encuentroinformativo.com.mx\/wp-content\/uploads\/2023\/04\/Photo_1682292811984-768x512.jpg 768w, https:\/\/encuentroinformativo.com.mx\/wp-content\/uploads\/2023\/04\/Photo_1682292811984-1536x1024.jpg 1536w, https:\/\/encuentroinformativo.com.mx\/wp-content\/uploads\/2023\/04\/Photo_1682292811984.jpg 1968w\" sizes=\"auto, (max-width: 1024px) 100vw, 1024px\" \/><\/figure>\n","protected":false},"excerpt":{"rendered":"<p>Xalapa, Ver.- Al grito de &#8220;El CECAN est\u00e1 de luto, exigimos justicia&#8221;, compa\u00f1eros de las \u00e1reas de hematolog\u00eda, oncolog\u00eda, psicolog\u00eda y enfermer\u00eda de la joven Yarazeth Zepeta Garc\u00eda qui\u00e9n laboraba como enfermera del Centro de Cancerolog\u00eda Dr. Miguel Dorantes Mesa. Marcharon est\u00e1 tarde para pedir a las autoridades justicia por el asesinato de su compa\u00f1era [&hellip;]<\/p>\n","protected":false},"author":2476,"featured_media":39629,"comment_status":"open","ping_status":"open","sticky":false,"template":"","format":"standard","meta":{"_jetpack_memberships_contains_paid_content":false,"footnotes":""},"categories":[3],"tags":[],"class_list":["post-39628","post","type-post","status-publish","format-standard","has-post-thumbnail","hentry","category-xalapa"],"jetpack_featured_media_url":"https:\/\/encuentroinformativo.com.mx\/wp-content\/uploads\/2023\/04\/Photo_1682292788191.jpg","jetpack_sharing_enabled":true,"jetpack_likes_enabled":true,"amp_enabled":true,"_links":{"self":[{"href":"https:\/\/encuentroinformativo.com.mx\/index.php?rest_route=\/wp\/v2\/posts\/39628","targetHints":{"allow":["GET"]}}],"collection":[{"href":"https:\/\/encuentroinformativo.com.mx\/index.php?rest_route=\/wp\/v2\/posts"}],"about":[{"href":"https:\/\/encuentroinformativo.com.mx\/index.php?rest_route=\/wp\/v2\/types\/post"}],"author":[{"embeddable":true,"href":"https:\/\/encuentroinformativo.com.mx\/index.php?rest_route=\/wp\/v2\/users\/2476"}],"replies":[{"embeddable":true,"href":"https:\/\/encuentroinformativo.com.mx\/index.php?rest_route=%2Fwp%2Fv2%2Fcomments&post=39628"}],"version-history":[{"count":1,"href":"https:\/\/encuentroinformativo.com.mx\/index.php?rest_route=\/wp\/v2\/posts\/39628\/revisions"}],"predecessor-version":[{"id":39632,"href":"https:\/\/encuentroinformativo.com.mx\/index.php?rest_route=\/wp\/v2\/posts\/39628\/revisions\/39632"}],"wp:featuredmedia":[{"embeddable":true,"href":"https:\/\/encuentroinformativo.com.mx\/index.php?rest_route=\/wp\/v2\/media\/39629"}],"wp:attachment":[{"href":"https:\/\/encuentroinformativo.com.mx\/index.php?rest_route=%2Fwp%2Fv2%2Fmedia&parent=39628"}],"wp:term":[{"taxonomy":"category","embeddable":true,"href":"https:\/\/encuentroinformativo.com.mx\/index.php?rest_route=%2Fwp%2Fv2%2Fcategories&post=39628"},{"taxonomy":"post_tag","embeddable":true,"href":"https:\/\/encuentroinformativo.com.mx\/index.php?rest_route=%2Fwp%2Fv2%2Ftags&post=39628"}],"curies":[{"name":"wp","href":"https:\/\/api.w.org\/{rel}","templated":true}]}}