{"id":39633,"date":"2023-04-24T09:38:33","date_gmt":"2023-04-24T15:38:33","guid":{"rendered":"https:\/\/encuentroinformativo.com.mx\/?p=39633"},"modified":"2023-04-24T09:38:38","modified_gmt":"2023-04-24T15:38:38","slug":"reclaman-liberacion-de-trinidad-n-detenido-en-papantla","status":"publish","type":"post","link":"https:\/\/encuentroinformativo.com.mx\/?p=39633","title":{"rendered":"Reclaman liberaci\u00f3n de Trinidad N, detenido en Papantla"},"content":{"rendered":"\n<p><strong>Dar\u00edo Pale <\/strong><\/p>\n\n\n\n<p>Xalapa, Ver.- Campesinos de Papantla se manifestaron en la plaza Lerdo por la detenci\u00f3n de Trinidad Ju\u00e1rez Gonz\u00e1lez la cual se llev\u00f3 a cabo el martes pasado y no saben el motivo, seg\u00fan es acusado por extorsi\u00f3n.<\/p>\n\n\n\n<p>En entrevistada durante la manifestaci\u00f3n la se\u00f1ora Lucero Canales Villalba, esposa de la persona detenida dijo que desconocen el motivo de su detenci\u00f3n y traslado al penal de Pacho Viejo, municipio de Coatepec, ellos vienen de Arroyo del Arco del municipio de Papantla.<\/p>\n\n\n\n<p>Dio a conocer que sin mostrar alg\u00fan documento ingresaron a su negocio de venta de ropa y lo sacaron de lugar por lo que sigui\u00f3 a las personas para ver a d\u00f3nde lo trasladaban y que les mostrar\u00e1n alg\u00fan documento ya qua al momento de su detenci\u00f3n no ten\u00edan ninguno.<\/p>\n\n\n\n<p>Inform\u00f3 que seg\u00fan les comentaron el delito por el cual est\u00e1 persona fue detenida es por extorsi\u00f3n pero eso es falso ya que la mayor\u00eda de las personas que los acompa\u00f1an trabajan igual que su esposo en el campo, por lo que desconocen porque lo denuncian.<\/p>\n\n\n\n<p>Trinidad Ju\u00e1rez Gonz\u00e1lez fue detenido el pasado 18 de abril en Papantla y luego fue trasladado a Poza Rica, pero no saben cu\u00e1l es el motivo de la detenci\u00f3n y el porque lo trasladaron hasta Pach\u00f3 por ello, junto con sus trabajadores del campo se manifiestan en esta capital.<\/p>\n\n\n\n<p>Acus\u00f3 que la carpeta de investigaci\u00f3n que les mostraron est\u00e1 incompleta ya que no muestran las investigaciones y reiter\u00f3 que al momento de la detenci\u00f3n no les mostraron ning\u00fan documento.<\/p>\n\n\n\n<p>Por lo que est\u00e1n solicitando al gobierno que se haga justicia y que investiguen bien ya que \u00e9l es inocente de los cargos que lo acusan, por lo que le indigna toda esta situaci\u00f3n de que no se haga una investigaci\u00f3n clara y no hacer injusticias como la que est\u00e1 sufriendo su esposo.<\/p>\n\n\n\n<p>&#8220;La gente que depende de \u00e9l, de su trabajo, que los ayuda, porque es campesino y porque ha generado empleo, somos trabajadores que exigimos justicia&#8221;, se\u00f1al\u00f3.<\/p>\n\n\n\n<p>Finalmente cabe se\u00f1alar que tambi\u00e9n se encontraba presente en la manifestaci\u00f3n la se\u00f1ora Ruperta Gonz\u00e1lez Atzin madre del detenido quien tambi\u00e9n exigi\u00f3 justicia para su hijo detenido.<\/p>\n\n\n\n<figure class=\"wp-block-image size-large\"><img loading=\"lazy\" decoding=\"async\" width=\"1024\" height=\"478\" src=\"https:\/\/encuentroinformativo.com.mx\/wp-content\/uploads\/2023\/04\/IMG-20230424-WA0017-1024x478.jpg\" alt=\"\" class=\"wp-image-39635\" srcset=\"https:\/\/encuentroinformativo.com.mx\/wp-content\/uploads\/2023\/04\/IMG-20230424-WA0017-1024x478.jpg 1024w, https:\/\/encuentroinformativo.com.mx\/wp-content\/uploads\/2023\/04\/IMG-20230424-WA0017-300x140.jpg 300w, https:\/\/encuentroinformativo.com.mx\/wp-content\/uploads\/2023\/04\/IMG-20230424-WA0017-768x359.jpg 768w, https:\/\/encuentroinformativo.com.mx\/wp-content\/uploads\/2023\/04\/IMG-20230424-WA0017-1536x717.jpg 1536w, https:\/\/encuentroinformativo.com.mx\/wp-content\/uploads\/2023\/04\/IMG-20230424-WA0017.jpg 1600w\" sizes=\"auto, (max-width: 1024px) 100vw, 1024px\" \/><\/figure>\n","protected":false},"excerpt":{"rendered":"<p>Dar\u00edo Pale Xalapa, Ver.- Campesinos de Papantla se manifestaron en la plaza Lerdo por la detenci\u00f3n de Trinidad Ju\u00e1rez Gonz\u00e1lez la cual se llev\u00f3 a cabo el martes pasado y no saben el motivo, seg\u00fan es acusado por extorsi\u00f3n. En entrevistada durante la manifestaci\u00f3n la se\u00f1ora Lucero Canales Villalba, esposa de la persona detenida dijo [&hellip;]<\/p>\n","protected":false},"author":2476,"featured_media":39634,"comment_status":"open","ping_status":"open","sticky":false,"template":"","format":"standard","meta":{"_jetpack_memberships_contains_paid_content":false,"footnotes":""},"categories":[2],"tags":[],"class_list":["post-39633","post","type-post","status-publish","format-standard","has-post-thumbnail","hentry","category-estado"],"jetpack_featured_media_url":"https:\/\/encuentroinformativo.com.mx\/wp-content\/uploads\/2023\/04\/IMG-20230424-WA0019.jpg","jetpack_sharing_enabled":true,"jetpack_likes_enabled":true,"amp_enabled":true,"_links":{"self":[{"href":"https:\/\/encuentroinformativo.com.mx\/index.php?rest_route=\/wp\/v2\/posts\/39633","targetHints":{"allow":["GET"]}}],"collection":[{"href":"https:\/\/encuentroinformativo.com.mx\/index.php?rest_route=\/wp\/v2\/posts"}],"about":[{"href":"https:\/\/encuentroinformativo.com.mx\/index.php?rest_route=\/wp\/v2\/types\/post"}],"author":[{"embeddable":true,"href":"https:\/\/encuentroinformativo.com.mx\/index.php?rest_route=\/wp\/v2\/users\/2476"}],"replies":[{"embeddable":true,"href":"https:\/\/encuentroinformativo.com.mx\/index.php?rest_route=%2Fwp%2Fv2%2Fcomments&post=39633"}],"version-history":[{"count":1,"href":"https:\/\/encuentroinformativo.com.mx\/index.php?rest_route=\/wp\/v2\/posts\/39633\/revisions"}],"predecessor-version":[{"id":39636,"href":"https:\/\/encuentroinformativo.com.mx\/index.php?rest_route=\/wp\/v2\/posts\/39633\/revisions\/39636"}],"wp:featuredmedia":[{"embeddable":true,"href":"https:\/\/encuentroinformativo.com.mx\/index.php?rest_route=\/wp\/v2\/media\/39634"}],"wp:attachment":[{"href":"https:\/\/encuentroinformativo.com.mx\/index.php?rest_route=%2Fwp%2Fv2%2Fmedia&parent=39633"}],"wp:term":[{"taxonomy":"category","embeddable":true,"href":"https:\/\/encuentroinformativo.com.mx\/index.php?rest_route=%2Fwp%2Fv2%2Fcategories&post=39633"},{"taxonomy":"post_tag","embeddable":true,"href":"https:\/\/encuentroinformativo.com.mx\/index.php?rest_route=%2Fwp%2Fv2%2Ftags&post=39633"}],"curies":[{"name":"wp","href":"https:\/\/api.w.org\/{rel}","templated":true}]}}