{"id":39637,"date":"2023-04-24T13:25:38","date_gmt":"2023-04-24T19:25:38","guid":{"rendered":"https:\/\/encuentroinformativo.com.mx\/?p=39637"},"modified":"2023-04-24T13:27:06","modified_gmt":"2023-04-24T19:27:06","slug":"cuitlahuac-garcia-ha-dignificado-la-labor-de-los-policias-zuniga-bonilla","status":"publish","type":"post","link":"https:\/\/encuentroinformativo.com.mx\/?p=39637","title":{"rendered":"Cuitl\u00e1huac Garc\u00eda ha dignificado la labor de los polic\u00edas: Z\u00fa\u00f1iga Bonilla"},"content":{"rendered":"\n<p><strong>Alejandro Rosas<\/strong><\/p>\n\n\n\n<p>Emiliano Zapata, Ver.- Durante la presente administraci\u00f3n del gobernador Cuitl\u00e1huac Garc\u00eda Jim\u00e9nez se ha dignificado la labor que realizan los elementos polic\u00edacos en el estado de Veracruz.<\/p>\n\n\n\n<p>As\u00ed lo afirm\u00f3 Cuauht\u00e9moc Z\u00fa\u00f1iga Bonilla titular de la Secretar\u00eda de Seguridad P\u00fablica (SSP), quien, en el marco de la celebraci\u00f3n por el D\u00eda del Polic\u00eda Veracruzano destac\u00f3 el apoyo que la administraci\u00f3n estatal ha brindado a dicho sector para mejorar sus condiciones laborales.<\/p>\n\n\n\n<p>Motivo por el cual detall\u00f3: \u201cSe\u00f1or gobernador a nombre de las mujeres y hombres que integramos la Secretar\u00eda de Seguridad P\u00fablica y bajo el marco de conmemoraci\u00f3n del D\u00eda del Polic\u00eda Veracruzano, nos permitimos agradecerle todo el apoyo recibido por usted y que ha permitido dignificar cada vez m\u00e1s la labor policial como no se hab\u00eda hecho en ning\u00fan gobierno anterior. Muestra de ello es que fue al inicio de su administraci\u00f3n que se institucionaliz\u00f3 la presente administraci\u00f3n a trav\u00e9s del decreto emitido en marzo del 2019\u201d.<\/p>\n\n\n\n<p>Del mismo modo, el titular de la SSP afirm\u00f3 que se promueven los valores y el respeto a la ley, por lo cual se desempe\u00f1an con el respeto a los derechos humanos, la igualdad de g\u00e9nero y sin incurrir en actos de discriminaci\u00f3n.<\/p>\n\n\n\n<p>\u201cEn el gobierno del estado de Veracruz que encabeza nuestro gobernador no se admiten ni se tolera la corrupci\u00f3n, las violaciones a derechos humanos, ni los actos de discriminaci\u00f3n, ni mucho menos el maltrato a las mujeres o los grupos vulnerables se promueve en cambio la lucha frontal contra la delincuencia, se mantiene la subordinaci\u00f3n al derecho, la inclusi\u00f3n, la igualdad de g\u00e9nero, el respeto y la protecci\u00f3n de los pueblos originarios\u201d.<\/p>\n\n\n\n<p>Cabe recordar que como una muestra de reconocimiento al trabajo que realizan, este fin de semana las autoridades estatales ofrecieron una celebraci\u00f3n a los cuerpos polic\u00edacos en las instalaciones del CEIS.<\/p>\n","protected":false},"excerpt":{"rendered":"<p>Alejandro Rosas Emiliano Zapata, Ver.- Durante la presente administraci\u00f3n del gobernador Cuitl\u00e1huac Garc\u00eda Jim\u00e9nez se ha dignificado la labor que realizan los elementos polic\u00edacos en el estado de Veracruz. As\u00ed lo afirm\u00f3 Cuauht\u00e9moc Z\u00fa\u00f1iga Bonilla titular de la Secretar\u00eda de Seguridad P\u00fablica (SSP), quien, en el marco de la celebraci\u00f3n por el D\u00eda del Polic\u00eda [&hellip;]<\/p>\n","protected":false},"author":2476,"featured_media":39660,"comment_status":"open","ping_status":"open","sticky":false,"template":"","format":"standard","meta":{"_jetpack_memberships_contains_paid_content":false,"footnotes":""},"categories":[2],"tags":[],"class_list":["post-39637","post","type-post","status-publish","format-standard","has-post-thumbnail","hentry","category-estado"],"jetpack_featured_media_url":"https:\/\/encuentroinformativo.com.mx\/wp-content\/uploads\/2023\/04\/IMG-20230422-WA00852-1.jpg","jetpack_sharing_enabled":true,"jetpack_likes_enabled":true,"amp_enabled":true,"_links":{"self":[{"href":"https:\/\/encuentroinformativo.com.mx\/index.php?rest_route=\/wp\/v2\/posts\/39637","targetHints":{"allow":["GET"]}}],"collection":[{"href":"https:\/\/encuentroinformativo.com.mx\/index.php?rest_route=\/wp\/v2\/posts"}],"about":[{"href":"https:\/\/encuentroinformativo.com.mx\/index.php?rest_route=\/wp\/v2\/types\/post"}],"author":[{"embeddable":true,"href":"https:\/\/encuentroinformativo.com.mx\/index.php?rest_route=\/wp\/v2\/users\/2476"}],"replies":[{"embeddable":true,"href":"https:\/\/encuentroinformativo.com.mx\/index.php?rest_route=%2Fwp%2Fv2%2Fcomments&post=39637"}],"version-history":[{"count":2,"href":"https:\/\/encuentroinformativo.com.mx\/index.php?rest_route=\/wp\/v2\/posts\/39637\/revisions"}],"predecessor-version":[{"id":39662,"href":"https:\/\/encuentroinformativo.com.mx\/index.php?rest_route=\/wp\/v2\/posts\/39637\/revisions\/39662"}],"wp:featuredmedia":[{"embeddable":true,"href":"https:\/\/encuentroinformativo.com.mx\/index.php?rest_route=\/wp\/v2\/media\/39660"}],"wp:attachment":[{"href":"https:\/\/encuentroinformativo.com.mx\/index.php?rest_route=%2Fwp%2Fv2%2Fmedia&parent=39637"}],"wp:term":[{"taxonomy":"category","embeddable":true,"href":"https:\/\/encuentroinformativo.com.mx\/index.php?rest_route=%2Fwp%2Fv2%2Fcategories&post=39637"},{"taxonomy":"post_tag","embeddable":true,"href":"https:\/\/encuentroinformativo.com.mx\/index.php?rest_route=%2Fwp%2Fv2%2Ftags&post=39637"}],"curies":[{"name":"wp","href":"https:\/\/api.w.org\/{rel}","templated":true}]}}