{"id":39653,"date":"2023-04-22T11:32:00","date_gmt":"2023-04-22T17:32:00","guid":{"rendered":"https:\/\/encuentroinformativo.com.mx\/?p=39653"},"modified":"2023-04-24T11:35:30","modified_gmt":"2023-04-24T17:35:30","slug":"confirman-sindicatos-participacion-en-desfile-del-dia-del-trabajo","status":"publish","type":"post","link":"https:\/\/encuentroinformativo.com.mx\/?p=39653","title":{"rendered":"Confirman sindicatos participaci\u00f3n en desfile del D\u00eda del Trabajo"},"content":{"rendered":"\n<p><strong>Israel Garc\u00eda<\/strong><\/p>\n\n\n\n<p>Xalapa, Ver.- El Secretario General del Sindicato de Trabajadores al Servicio del Ayuntamiento de Xalapa, Rolando Ortega Salazar confirm\u00f3 que sus agremiados participar\u00e1n en el pr\u00f3ximo desfile del 1 de mayo para celebrar el D\u00eda del Trabajo.<\/p>\n\n\n\n<p>En entrevista el l\u00edder sindical se\u00f1al\u00f3 que son mil 260 los trabajadores que forman parte de la plantilla de sus agremiados, y los cuales estar\u00edan participando en dicho desfile.<\/p>\n\n\n\n<p>En ese sentido inform\u00f3 que el 1\u00b0 de mayo d\u00eda del trabajo saldr\u00e1n a desfilar y celebrar\u00e1n, \u201cque el Presidente Municipal de Xalapa Ricardo Ahued Bardahuil, les est\u00e1 cumpliendo con las comisiones generales de trabajo, aumento salarial 3.8%, homologaci\u00f3n, retroactividad y las despensas, ah\u00ed est\u00e1 resultados para los agremiados, trabajamos en equipo con el comit\u00e9 ejecutivo y los delegados\u201d.<\/p>\n\n\n\n<p>Ante ello afirm\u00f3 que se mantienen en el di\u00e1logo y las puertas abiertas para sus agremiados.<\/p>\n\n\n\n<p>\u201cEn la CROC a la militancia se les habla con la verdad, no con mentiras, estamos abiertos al di\u00e1logo las puertas est\u00e1n abiertas, escuchamos las peticiones de nuestra gente. No, somos un sindicato de conflictos, sabemos escuchar, dialogar, negociar y sabemos conciliar, somos personas aliadas al Alcalde Ahued Bardahuil y los resultados son favorables&#8221;, puntualiz\u00f3.<\/p>\n","protected":false},"excerpt":{"rendered":"<p>Israel Garc\u00eda Xalapa, Ver.- El Secretario General del Sindicato de Trabajadores al Servicio del Ayuntamiento de Xalapa, Rolando Ortega Salazar confirm\u00f3 que sus agremiados participar\u00e1n en el pr\u00f3ximo desfile del 1 de mayo para celebrar el D\u00eda del Trabajo. En entrevista el l\u00edder sindical se\u00f1al\u00f3 que son mil 260 los trabajadores que forman parte de [&hellip;]<\/p>\n","protected":false},"author":2476,"featured_media":39654,"comment_status":"open","ping_status":"open","sticky":false,"template":"","format":"standard","meta":{"_jetpack_memberships_contains_paid_content":false,"footnotes":""},"categories":[3],"tags":[],"class_list":["post-39653","post","type-post","status-publish","format-standard","has-post-thumbnail","hentry","category-xalapa"],"jetpack_featured_media_url":"https:\/\/encuentroinformativo.com.mx\/wp-content\/uploads\/2023\/04\/Photo_1682357617835.jpg","jetpack_sharing_enabled":true,"jetpack_likes_enabled":true,"amp_enabled":true,"_links":{"self":[{"href":"https:\/\/encuentroinformativo.com.mx\/index.php?rest_route=\/wp\/v2\/posts\/39653","targetHints":{"allow":["GET"]}}],"collection":[{"href":"https:\/\/encuentroinformativo.com.mx\/index.php?rest_route=\/wp\/v2\/posts"}],"about":[{"href":"https:\/\/encuentroinformativo.com.mx\/index.php?rest_route=\/wp\/v2\/types\/post"}],"author":[{"embeddable":true,"href":"https:\/\/encuentroinformativo.com.mx\/index.php?rest_route=\/wp\/v2\/users\/2476"}],"replies":[{"embeddable":true,"href":"https:\/\/encuentroinformativo.com.mx\/index.php?rest_route=%2Fwp%2Fv2%2Fcomments&post=39653"}],"version-history":[{"count":1,"href":"https:\/\/encuentroinformativo.com.mx\/index.php?rest_route=\/wp\/v2\/posts\/39653\/revisions"}],"predecessor-version":[{"id":39655,"href":"https:\/\/encuentroinformativo.com.mx\/index.php?rest_route=\/wp\/v2\/posts\/39653\/revisions\/39655"}],"wp:featuredmedia":[{"embeddable":true,"href":"https:\/\/encuentroinformativo.com.mx\/index.php?rest_route=\/wp\/v2\/media\/39654"}],"wp:attachment":[{"href":"https:\/\/encuentroinformativo.com.mx\/index.php?rest_route=%2Fwp%2Fv2%2Fmedia&parent=39653"}],"wp:term":[{"taxonomy":"category","embeddable":true,"href":"https:\/\/encuentroinformativo.com.mx\/index.php?rest_route=%2Fwp%2Fv2%2Fcategories&post=39653"},{"taxonomy":"post_tag","embeddable":true,"href":"https:\/\/encuentroinformativo.com.mx\/index.php?rest_route=%2Fwp%2Fv2%2Ftags&post=39653"}],"curies":[{"name":"wp","href":"https:\/\/api.w.org\/{rel}","templated":true}]}}