{"id":39663,"date":"2023-04-24T13:35:21","date_gmt":"2023-04-24T19:35:21","guid":{"rendered":"https:\/\/encuentroinformativo.com.mx\/?p=39663"},"modified":"2023-04-24T13:35:24","modified_gmt":"2023-04-24T19:35:24","slug":"instalan-modulo-a-favor-de-adan-augusto","status":"publish","type":"post","link":"https:\/\/encuentroinformativo.com.mx\/?p=39663","title":{"rendered":"Instalan m\u00f3dulo a favor de Adan Augusto"},"content":{"rendered":"\n<p><strong>Israel Garc\u00eda <\/strong><\/p>\n\n\n\n<p>Xalapa, Ver.- Brigadistas Xalape\u00f1os, instalaron su m\u00f3dulo en la colonia Benito Ju\u00e1rez de la ciudad de Xalapa, en favor del Secretario de Gobernaci\u00f3n Nacional del pa\u00eds, Ad\u00e1n Augusto L\u00f3pez Hern\u00e1ndez.<\/p>\n\n\n\n<p>Cabe se\u00f1alar que el titular de la Segob suena como uno de los aspirantes a la presidencia de la Rep\u00fablica, y de forma reciente ha realizado varias visitas al estado.<\/p>\n\n\n\n<p>Los promotores promueven el lema &#8220;Que siga L\u00f3pez Obrador estamos Agusto&#8221;.<\/p>\n\n\n\n<figure class=\"wp-block-image size-large\"><img loading=\"lazy\" decoding=\"async\" width=\"1024\" height=\"768\" src=\"https:\/\/encuentroinformativo.com.mx\/wp-content\/uploads\/2023\/04\/IMG-20230424-WA0063-1024x768.jpg\" alt=\"\" class=\"wp-image-39665\" srcset=\"https:\/\/encuentroinformativo.com.mx\/wp-content\/uploads\/2023\/04\/IMG-20230424-WA0063-1024x768.jpg 1024w, https:\/\/encuentroinformativo.com.mx\/wp-content\/uploads\/2023\/04\/IMG-20230424-WA0063-300x225.jpg 300w, https:\/\/encuentroinformativo.com.mx\/wp-content\/uploads\/2023\/04\/IMG-20230424-WA0063-768x576.jpg 768w, https:\/\/encuentroinformativo.com.mx\/wp-content\/uploads\/2023\/04\/IMG-20230424-WA0063.jpg 1040w\" sizes=\"auto, (max-width: 1024px) 100vw, 1024px\" \/><\/figure>\n\n\n\n<p><\/p>\n","protected":false},"excerpt":{"rendered":"<p>Israel Garc\u00eda Xalapa, Ver.- Brigadistas Xalape\u00f1os, instalaron su m\u00f3dulo en la colonia Benito Ju\u00e1rez de la ciudad de Xalapa, en favor del Secretario de Gobernaci\u00f3n Nacional del pa\u00eds, Ad\u00e1n Augusto L\u00f3pez Hern\u00e1ndez. Cabe se\u00f1alar que el titular de la Segob suena como uno de los aspirantes a la presidencia de la Rep\u00fablica, y de forma [&hellip;]<\/p>\n","protected":false},"author":2476,"featured_media":39664,"comment_status":"open","ping_status":"open","sticky":false,"template":"","format":"standard","meta":{"_jetpack_memberships_contains_paid_content":false,"footnotes":""},"categories":[3],"tags":[],"class_list":["post-39663","post","type-post","status-publish","format-standard","has-post-thumbnail","hentry","category-xalapa"],"jetpack_featured_media_url":"https:\/\/encuentroinformativo.com.mx\/wp-content\/uploads\/2023\/04\/IMG-20230424-WA0061.jpg","jetpack_sharing_enabled":true,"jetpack_likes_enabled":true,"amp_enabled":true,"_links":{"self":[{"href":"https:\/\/encuentroinformativo.com.mx\/index.php?rest_route=\/wp\/v2\/posts\/39663","targetHints":{"allow":["GET"]}}],"collection":[{"href":"https:\/\/encuentroinformativo.com.mx\/index.php?rest_route=\/wp\/v2\/posts"}],"about":[{"href":"https:\/\/encuentroinformativo.com.mx\/index.php?rest_route=\/wp\/v2\/types\/post"}],"author":[{"embeddable":true,"href":"https:\/\/encuentroinformativo.com.mx\/index.php?rest_route=\/wp\/v2\/users\/2476"}],"replies":[{"embeddable":true,"href":"https:\/\/encuentroinformativo.com.mx\/index.php?rest_route=%2Fwp%2Fv2%2Fcomments&post=39663"}],"version-history":[{"count":1,"href":"https:\/\/encuentroinformativo.com.mx\/index.php?rest_route=\/wp\/v2\/posts\/39663\/revisions"}],"predecessor-version":[{"id":39666,"href":"https:\/\/encuentroinformativo.com.mx\/index.php?rest_route=\/wp\/v2\/posts\/39663\/revisions\/39666"}],"wp:featuredmedia":[{"embeddable":true,"href":"https:\/\/encuentroinformativo.com.mx\/index.php?rest_route=\/wp\/v2\/media\/39664"}],"wp:attachment":[{"href":"https:\/\/encuentroinformativo.com.mx\/index.php?rest_route=%2Fwp%2Fv2%2Fmedia&parent=39663"}],"wp:term":[{"taxonomy":"category","embeddable":true,"href":"https:\/\/encuentroinformativo.com.mx\/index.php?rest_route=%2Fwp%2Fv2%2Fcategories&post=39663"},{"taxonomy":"post_tag","embeddable":true,"href":"https:\/\/encuentroinformativo.com.mx\/index.php?rest_route=%2Fwp%2Fv2%2Ftags&post=39663"}],"curies":[{"name":"wp","href":"https:\/\/api.w.org\/{rel}","templated":true}]}}