{"id":39667,"date":"2023-04-24T13:42:09","date_gmt":"2023-04-24T19:42:09","guid":{"rendered":"https:\/\/encuentroinformativo.com.mx\/?p=39667"},"modified":"2023-04-24T13:42:12","modified_gmt":"2023-04-24T19:42:12","slug":"artistas-sorpresas-de-festival-de-la-salsa-es-estrategia-publicitaria-gobernador","status":"publish","type":"post","link":"https:\/\/encuentroinformativo.com.mx\/?p=39667","title":{"rendered":"Artistas sorpresas de Festival de la Salsa es estrategia publicitaria: Gobernador"},"content":{"rendered":"\n<p><strong>Alejandro \u00c1vila<\/strong><\/p>\n\n\n\n<p>Boca del R\u00edo, Ver.- La decisi\u00f3n de nombrar un artista sorpresa en cada uno de los d\u00edas del Festival de la Salsa fue tomada por el propio gobernador Cuitl\u00e1huac Garc\u00eda Jim\u00e9nez, asegur\u00f3 el Ejecutivo Estatal en rueda de prensa.<\/p>\n\n\n\n<p>Este lunes por la ma\u00f1ana en evento realizado en el World Trade Center de Boca del R\u00edo se present\u00f3 a parte del elenco que estar\u00e1 en el pr\u00f3ximo Festival de la Salsa de Boca del R\u00edo, que se llevar\u00e1 a cabo del 1 al 3 de junio en el salsodromo ubicado en el bolevar Vicente Fox.<\/p>\n\n\n\n<p>&#8220;Esa fue decisi\u00f3n m\u00eda, hicimos en el evento de Cumbre Taj\u00edn un experimento en redes, que fue a anunciar parte del programa y dejar un as bajo la manga para irlo anunciando en ciertos momentos, vimos que dio excelente resultado sobre todo porque la gente empez\u00f3 a difundir que artistas deseaban, que esperaban, y esta informaci\u00f3n se recoge para las pr\u00f3ximas ediciones, o sea nos permite un intercambio con estos seguidores de estos grandes eventos para saber cual es su opini\u00f3n, y esa es la intenci\u00f3n, que la gente empiece a opinar en las redes y recoger esa informaci\u00f3n para la edici\u00f3n siguiente&#8221;, manifest\u00f3.<\/p>\n\n\n\n<p>En compa\u00f1\u00eda del secretario de Turismo, Iv\u00e1n Mart\u00ednez Olvera, y del alcalde de Boca del R\u00edo, Juan Manuel Unanue Abascal, se present\u00f3 este lunes parte del elenco del Festival de la Salsa 2023.<\/p>\n\n\n\n<p>El jueves 1 de junio, cantar\u00e1n David Zahan, Chiquito Team Band y Jos\u00e9 Alberto &#8220;El Canario&#8221;; el viernes 2 de junio, se presentar\u00e1n Alberto Barros, Orquesta Guayac\u00e1n y Luis Enrique; mientras que el s\u00e1bado 3 de junio, cantar\u00e1n a los veracruzanos, Adolescentes Orquesta, Rey Ruiz y \u00d3scar de Le\u00f3n.<\/p>\n\n\n\n<p>En cada uno de los d\u00edas habr\u00e1 un artista sorpresa el cual se dar\u00e1 a conocer en pr\u00f3ximas semanas a trav\u00e9s de las redes sociales del Festival de la Salsa de Boca del R\u00edo.<\/p>\n","protected":false},"excerpt":{"rendered":"<p>Alejandro \u00c1vila Boca del R\u00edo, Ver.- La decisi\u00f3n de nombrar un artista sorpresa en cada uno de los d\u00edas del Festival de la Salsa fue tomada por el propio gobernador Cuitl\u00e1huac Garc\u00eda Jim\u00e9nez, asegur\u00f3 el Ejecutivo Estatal en rueda de prensa. Este lunes por la ma\u00f1ana en evento realizado en el World Trade Center de [&hellip;]<\/p>\n","protected":false},"author":2476,"featured_media":39668,"comment_status":"open","ping_status":"open","sticky":false,"template":"","format":"standard","meta":{"_jetpack_memberships_contains_paid_content":false,"footnotes":""},"categories":[2],"tags":[],"class_list":["post-39667","post","type-post","status-publish","format-standard","has-post-thumbnail","hentry","category-estado"],"jetpack_featured_media_url":"https:\/\/encuentroinformativo.com.mx\/wp-content\/uploads\/2023\/04\/IMG-20230424-WA00652.jpg","jetpack_sharing_enabled":true,"jetpack_likes_enabled":true,"amp_enabled":true,"_links":{"self":[{"href":"https:\/\/encuentroinformativo.com.mx\/index.php?rest_route=\/wp\/v2\/posts\/39667","targetHints":{"allow":["GET"]}}],"collection":[{"href":"https:\/\/encuentroinformativo.com.mx\/index.php?rest_route=\/wp\/v2\/posts"}],"about":[{"href":"https:\/\/encuentroinformativo.com.mx\/index.php?rest_route=\/wp\/v2\/types\/post"}],"author":[{"embeddable":true,"href":"https:\/\/encuentroinformativo.com.mx\/index.php?rest_route=\/wp\/v2\/users\/2476"}],"replies":[{"embeddable":true,"href":"https:\/\/encuentroinformativo.com.mx\/index.php?rest_route=%2Fwp%2Fv2%2Fcomments&post=39667"}],"version-history":[{"count":1,"href":"https:\/\/encuentroinformativo.com.mx\/index.php?rest_route=\/wp\/v2\/posts\/39667\/revisions"}],"predecessor-version":[{"id":39669,"href":"https:\/\/encuentroinformativo.com.mx\/index.php?rest_route=\/wp\/v2\/posts\/39667\/revisions\/39669"}],"wp:featuredmedia":[{"embeddable":true,"href":"https:\/\/encuentroinformativo.com.mx\/index.php?rest_route=\/wp\/v2\/media\/39668"}],"wp:attachment":[{"href":"https:\/\/encuentroinformativo.com.mx\/index.php?rest_route=%2Fwp%2Fv2%2Fmedia&parent=39667"}],"wp:term":[{"taxonomy":"category","embeddable":true,"href":"https:\/\/encuentroinformativo.com.mx\/index.php?rest_route=%2Fwp%2Fv2%2Fcategories&post=39667"},{"taxonomy":"post_tag","embeddable":true,"href":"https:\/\/encuentroinformativo.com.mx\/index.php?rest_route=%2Fwp%2Fv2%2Ftags&post=39667"}],"curies":[{"name":"wp","href":"https:\/\/api.w.org\/{rel}","templated":true}]}}