{"id":39673,"date":"2023-04-24T14:13:08","date_gmt":"2023-04-24T20:13:08","guid":{"rendered":"https:\/\/encuentroinformativo.com.mx\/?p=39673"},"modified":"2023-04-24T14:13:13","modified_gmt":"2023-04-24T20:13:13","slug":"tev-registra-a-regidora-de-veracruz-como-violentadora-de-mujeres","status":"publish","type":"post","link":"https:\/\/encuentroinformativo.com.mx\/?p=39673","title":{"rendered":"TEV registra a regidora de Veracruz como violentadora de mujeres"},"content":{"rendered":"\n<p><strong>Alejandro \u00c1vila<\/strong><\/p>\n\n\n\n<p>Veracruz, Ver.- La regidora de Morena del Ayuntamiento de Veracruz, Virginia Rold\u00e1n Ram\u00edrez, fue inscrita al Registro Nacional de Personas Condenadas y Sancionadas por Violencia Pol\u00edtica contra las Mujeres en raz\u00f3n de g\u00e9nero, pues se habr\u00eda confirmado que ejerci\u00f3 esta acci\u00f3n en contra de la alcaldesa, Patricia Lobeira Rodr\u00edguez.&nbsp;<\/p>\n\n\n\n<p>De acuerdo con el Tribunal Electoral de Veracruz (TEV), la edil por morenista estar\u00e1 inscrita como violentadora de mujeres durante un a\u00f1o y cuatro meses en este registro nacional.&nbsp;<\/p>\n\n\n\n<p>De acuerdo con el TEV, se le impuso adem\u00e1s como sanci\u00f3n una disculpa privada al haber emitido expresiones que denostaban a la alcaldesa y criticaban el hecho de su autonom\u00eda como autoridad por el simple hecho de utilizar el apellido de su c\u00f3nyuge.&nbsp;<\/p>\n\n\n\n<p>&#8220;Expresiones hacia la v\u00edctima que invadieron su derecho de identidad, su autonom\u00eda sobre el uso de su nombre y apellido de su c\u00f3nyuge, con el fin de denostarla, haci\u00e9ndola ver como mal ejemplo ante la ciudadan\u00eda y demeritar su posici\u00f3n en el Cabildo\u201d, indica el documento.&nbsp;<\/p>\n\n\n\n<p>De acuerdo con el Procedimiento Especial Sancionador (PES) 1\/2023, en un principio fue la propia regidora quien denunci\u00f3 a la alcaldesa, Patricia Lobeira, por reforzar estereotipos de g\u00e9nero al usar el apellido de su esposo y no el propio; sin embargo, el TEV desech\u00f3 esa denuncia en primera y segunda instancia.&nbsp;<\/p>\n\n\n\n<p>Posteriormente, la alcaldesa present\u00f3 su propia denuncia por todo lo vertido en su contra por la regidora morenista y obtuvo una resoluci\u00f3n en la que se reconoci\u00f3 que s\u00ed fue v\u00edctima de violencia pol\u00edtica, as\u00ed se oblig\u00f3 a las autoridades electorales a inscribir a la regidora en el registro de violentadores por un a\u00f1o y cuatro meses.<\/p>\n\n\n\n<p>Cabe mencionar que en enero de 2022, ediles del Ayuntamiento de Veracruz, ya hab\u00edan presentaron una denuncia colectiva en contra de la misma regidora morenista; sin embargo, esta fue desechada.<\/p>\n","protected":false},"excerpt":{"rendered":"<p>Alejandro \u00c1vila Veracruz, Ver.- La regidora de Morena del Ayuntamiento de Veracruz, Virginia Rold\u00e1n Ram\u00edrez, fue inscrita al Registro Nacional de Personas Condenadas y Sancionadas por Violencia Pol\u00edtica contra las Mujeres en raz\u00f3n de g\u00e9nero, pues se habr\u00eda confirmado que ejerci\u00f3 esta acci\u00f3n en contra de la alcaldesa, Patricia Lobeira Rodr\u00edguez.&nbsp; De acuerdo con el [&hellip;]<\/p>\n","protected":false},"author":2476,"featured_media":39674,"comment_status":"open","ping_status":"open","sticky":false,"template":"","format":"standard","meta":{"_jetpack_memberships_contains_paid_content":false,"footnotes":""},"categories":[2],"tags":[],"class_list":["post-39673","post","type-post","status-publish","format-standard","has-post-thumbnail","hentry","category-estado"],"jetpack_featured_media_url":"https:\/\/encuentroinformativo.com.mx\/wp-content\/uploads\/2023\/04\/IMG-20230424-WA0071.jpg","jetpack_sharing_enabled":true,"jetpack_likes_enabled":true,"amp_enabled":true,"_links":{"self":[{"href":"https:\/\/encuentroinformativo.com.mx\/index.php?rest_route=\/wp\/v2\/posts\/39673","targetHints":{"allow":["GET"]}}],"collection":[{"href":"https:\/\/encuentroinformativo.com.mx\/index.php?rest_route=\/wp\/v2\/posts"}],"about":[{"href":"https:\/\/encuentroinformativo.com.mx\/index.php?rest_route=\/wp\/v2\/types\/post"}],"author":[{"embeddable":true,"href":"https:\/\/encuentroinformativo.com.mx\/index.php?rest_route=\/wp\/v2\/users\/2476"}],"replies":[{"embeddable":true,"href":"https:\/\/encuentroinformativo.com.mx\/index.php?rest_route=%2Fwp%2Fv2%2Fcomments&post=39673"}],"version-history":[{"count":1,"href":"https:\/\/encuentroinformativo.com.mx\/index.php?rest_route=\/wp\/v2\/posts\/39673\/revisions"}],"predecessor-version":[{"id":39675,"href":"https:\/\/encuentroinformativo.com.mx\/index.php?rest_route=\/wp\/v2\/posts\/39673\/revisions\/39675"}],"wp:featuredmedia":[{"embeddable":true,"href":"https:\/\/encuentroinformativo.com.mx\/index.php?rest_route=\/wp\/v2\/media\/39674"}],"wp:attachment":[{"href":"https:\/\/encuentroinformativo.com.mx\/index.php?rest_route=%2Fwp%2Fv2%2Fmedia&parent=39673"}],"wp:term":[{"taxonomy":"category","embeddable":true,"href":"https:\/\/encuentroinformativo.com.mx\/index.php?rest_route=%2Fwp%2Fv2%2Fcategories&post=39673"},{"taxonomy":"post_tag","embeddable":true,"href":"https:\/\/encuentroinformativo.com.mx\/index.php?rest_route=%2Fwp%2Fv2%2Ftags&post=39673"}],"curies":[{"name":"wp","href":"https:\/\/api.w.org\/{rel}","templated":true}]}}