{"id":39689,"date":"2023-04-24T19:25:17","date_gmt":"2023-04-25T01:25:17","guid":{"rendered":"https:\/\/encuentroinformativo.com.mx\/?p=39689"},"modified":"2023-04-24T19:25:21","modified_gmt":"2023-04-25T01:25:21","slug":"asesinan-a-director-de-secundaria-en-cordoba","status":"publish","type":"post","link":"https:\/\/encuentroinformativo.com.mx\/?p=39689","title":{"rendered":"Asesinan a director de secundaria en C\u00f3rdoba"},"content":{"rendered":"\n<p><strong>Alejandro \u00c1vila<\/strong><\/p>\n\n\n\n<p>C\u00f3rdoba, Ver.- Jos\u00e9 Alfredo Contreras Balderas, director de la Escuela Secundaria General 3 en el municipio de C\u00f3rdoba, fue asesinado a balazos al llegar a su domicilio la tarde de este lunes.&nbsp;<\/p>\n\n\n\n<p>Los hechos ocurrieron alrededor de las 16 horas, en un domicilio ubicado en la avenida 3 y calle 19 del mencionado municipio, donde, seg\u00fan testigos, sicarios a bordo de una motocicleta arribaron al sitio para dispararle en al menos tres ocasiones, quedando el docente tendido al interior de su cochera.<\/p>\n\n\n\n<p>La zona fue acordonada por la Polic\u00eda Municipal y Estatal; y a pesar de que se mont\u00f3 un operativo de b\u00fasqueda, hasta el momento no se ha podido dar con los responsables.<\/p>\n\n\n\n<p>Los vecinos solicitaron la presencia de param\u00e9dicos de la Cruz Roja; sin embargo, cuando estos llegaron al sitio, el profesor ya no contaba con signos vitales.<\/p>\n\n\n\n<p>El crimen ha causado la indignaci\u00f3n del magisterio, quienes han condenado el homicidio y exigen al Gobierno del estado su r\u00e1pido esclarecimiento.<\/p>\n","protected":false},"excerpt":{"rendered":"<p>Alejandro \u00c1vila C\u00f3rdoba, Ver.- Jos\u00e9 Alfredo Contreras Balderas, director de la Escuela Secundaria General 3 en el municipio de C\u00f3rdoba, fue asesinado a balazos al llegar a su domicilio la tarde de este lunes.&nbsp; Los hechos ocurrieron alrededor de las 16 horas, en un domicilio ubicado en la avenida 3 y calle 19 del mencionado [&hellip;]<\/p>\n","protected":false},"author":2476,"featured_media":39688,"comment_status":"open","ping_status":"open","sticky":false,"template":"","format":"standard","meta":{"_jetpack_memberships_contains_paid_content":false,"footnotes":""},"categories":[14],"tags":[],"class_list":["post-39689","post","type-post","status-publish","format-standard","has-post-thumbnail","hentry","category-policiaca"],"jetpack_featured_media_url":"https:\/\/encuentroinformativo.com.mx\/wp-content\/uploads\/2023\/04\/IMG-20230424-WA0138.jpg","jetpack_sharing_enabled":true,"jetpack_likes_enabled":true,"amp_enabled":true,"_links":{"self":[{"href":"https:\/\/encuentroinformativo.com.mx\/index.php?rest_route=\/wp\/v2\/posts\/39689","targetHints":{"allow":["GET"]}}],"collection":[{"href":"https:\/\/encuentroinformativo.com.mx\/index.php?rest_route=\/wp\/v2\/posts"}],"about":[{"href":"https:\/\/encuentroinformativo.com.mx\/index.php?rest_route=\/wp\/v2\/types\/post"}],"author":[{"embeddable":true,"href":"https:\/\/encuentroinformativo.com.mx\/index.php?rest_route=\/wp\/v2\/users\/2476"}],"replies":[{"embeddable":true,"href":"https:\/\/encuentroinformativo.com.mx\/index.php?rest_route=%2Fwp%2Fv2%2Fcomments&post=39689"}],"version-history":[{"count":1,"href":"https:\/\/encuentroinformativo.com.mx\/index.php?rest_route=\/wp\/v2\/posts\/39689\/revisions"}],"predecessor-version":[{"id":39690,"href":"https:\/\/encuentroinformativo.com.mx\/index.php?rest_route=\/wp\/v2\/posts\/39689\/revisions\/39690"}],"wp:featuredmedia":[{"embeddable":true,"href":"https:\/\/encuentroinformativo.com.mx\/index.php?rest_route=\/wp\/v2\/media\/39688"}],"wp:attachment":[{"href":"https:\/\/encuentroinformativo.com.mx\/index.php?rest_route=%2Fwp%2Fv2%2Fmedia&parent=39689"}],"wp:term":[{"taxonomy":"category","embeddable":true,"href":"https:\/\/encuentroinformativo.com.mx\/index.php?rest_route=%2Fwp%2Fv2%2Fcategories&post=39689"},{"taxonomy":"post_tag","embeddable":true,"href":"https:\/\/encuentroinformativo.com.mx\/index.php?rest_route=%2Fwp%2Fv2%2Ftags&post=39689"}],"curies":[{"name":"wp","href":"https:\/\/api.w.org\/{rel}","templated":true}]}}