{"id":39695,"date":"2023-04-24T20:07:20","date_gmt":"2023-04-25T02:07:20","guid":{"rendered":"https:\/\/encuentroinformativo.com.mx\/?p=39695"},"modified":"2023-04-24T20:07:25","modified_gmt":"2023-04-25T02:07:25","slug":"muere-en-hospital-joven-baleado-en-tuxpan","status":"publish","type":"post","link":"https:\/\/encuentroinformativo.com.mx\/?p=39695","title":{"rendered":"Muere en hospital joven baleado en Tuxpan"},"content":{"rendered":"\n<p><strong>Alejandro \u00c1vila<\/strong><\/p>\n\n\n\n<p>Tuxpan, Ver.- El joven que fue baleado la tarde de este domingo en una localidad del municipio de Tuxpan, falleci\u00f3 la tarde de este lunes en el hospital &#8220;Emilio Alc\u00e1zar&#8221;.<\/p>\n\n\n\n<p>Aunque la Polic\u00eda Ministerial no ha dado con responsables del ataque en la congregaci\u00f3n Santiago de la Pe\u00f1a; algunas personas presumen que se trata de una acci\u00f3n de &#8220;justicia por su propia mano&#8221;, debido a que el joven hab\u00eda sido se\u00f1alado en diversas ocasiones de robar en varias viviendas de la zona.<\/p>\n\n\n\n<p>El finado fue identificado como Rached Rub\u00e9n Barra P\u00e9rez de 34 a\u00f1os de edad; el cual fue identificado en el SEMEFO por su hermana, Bel\u00e9n &#8220;N&#8221;, quien dijo el muchacho abandon\u00f3 su hogar desde los 19 a\u00f1os debido a su adicci\u00f3n a las drogas y el alcohol, por lo cual viv\u00eda en situaci\u00f3n de calle.<\/p>\n\n\n\n<p>Es de recordar que el ahora occiso caminaba la tarde de este domingo por la avenida Nacional, cuando fue interceptado por sujetos armados, quienes dispararon en varias ocasiones en su contra, se pudo saber que una de las balas entr\u00f3 por el ojo izquierdo y le sali\u00f3 por la parte trasera de la cabeza.<\/p>\n\n\n\n<p>Cabe mencionar que hace unos d\u00edas fue exhibido en redes sociales por presuntamente haber robado una bicicleta; en la misma publicaci\u00f3n otras personas se\u00f1alaron que tambi\u00e9n hab\u00edan sido v\u00edctimas de robo de algunos art\u00edculos de su parte.<\/p>\n","protected":false},"excerpt":{"rendered":"<p>Alejandro \u00c1vila Tuxpan, Ver.- El joven que fue baleado la tarde de este domingo en una localidad del municipio de Tuxpan, falleci\u00f3 la tarde de este lunes en el hospital &#8220;Emilio Alc\u00e1zar&#8221;. Aunque la Polic\u00eda Ministerial no ha dado con responsables del ataque en la congregaci\u00f3n Santiago de la Pe\u00f1a; algunas personas presumen que se [&hellip;]<\/p>\n","protected":false},"author":2476,"featured_media":39696,"comment_status":"open","ping_status":"open","sticky":false,"template":"","format":"standard","meta":{"_jetpack_memberships_contains_paid_content":false,"footnotes":""},"categories":[14],"tags":[],"class_list":["post-39695","post","type-post","status-publish","format-standard","has-post-thumbnail","hentry","category-policiaca"],"jetpack_featured_media_url":"https:\/\/encuentroinformativo.com.mx\/wp-content\/uploads\/2023\/04\/Point-Blur_Apr242023_200517.jpg","jetpack_sharing_enabled":true,"jetpack_likes_enabled":true,"amp_enabled":true,"_links":{"self":[{"href":"https:\/\/encuentroinformativo.com.mx\/index.php?rest_route=\/wp\/v2\/posts\/39695","targetHints":{"allow":["GET"]}}],"collection":[{"href":"https:\/\/encuentroinformativo.com.mx\/index.php?rest_route=\/wp\/v2\/posts"}],"about":[{"href":"https:\/\/encuentroinformativo.com.mx\/index.php?rest_route=\/wp\/v2\/types\/post"}],"author":[{"embeddable":true,"href":"https:\/\/encuentroinformativo.com.mx\/index.php?rest_route=\/wp\/v2\/users\/2476"}],"replies":[{"embeddable":true,"href":"https:\/\/encuentroinformativo.com.mx\/index.php?rest_route=%2Fwp%2Fv2%2Fcomments&post=39695"}],"version-history":[{"count":1,"href":"https:\/\/encuentroinformativo.com.mx\/index.php?rest_route=\/wp\/v2\/posts\/39695\/revisions"}],"predecessor-version":[{"id":39697,"href":"https:\/\/encuentroinformativo.com.mx\/index.php?rest_route=\/wp\/v2\/posts\/39695\/revisions\/39697"}],"wp:featuredmedia":[{"embeddable":true,"href":"https:\/\/encuentroinformativo.com.mx\/index.php?rest_route=\/wp\/v2\/media\/39696"}],"wp:attachment":[{"href":"https:\/\/encuentroinformativo.com.mx\/index.php?rest_route=%2Fwp%2Fv2%2Fmedia&parent=39695"}],"wp:term":[{"taxonomy":"category","embeddable":true,"href":"https:\/\/encuentroinformativo.com.mx\/index.php?rest_route=%2Fwp%2Fv2%2Fcategories&post=39695"},{"taxonomy":"post_tag","embeddable":true,"href":"https:\/\/encuentroinformativo.com.mx\/index.php?rest_route=%2Fwp%2Fv2%2Ftags&post=39695"}],"curies":[{"name":"wp","href":"https:\/\/api.w.org\/{rel}","templated":true}]}}