{"id":39700,"date":"2023-04-24T20:15:41","date_gmt":"2023-04-25T02:15:41","guid":{"rendered":"https:\/\/encuentroinformativo.com.mx\/?p=39700"},"modified":"2023-04-24T20:15:45","modified_gmt":"2023-04-25T02:15:45","slug":"derrama-economica-de-400-mdp-y-ocupacion-hotelera-del-100-dejara-el-salsa-fest-2023-alcalde-jm-unanue","status":"publish","type":"post","link":"https:\/\/encuentroinformativo.com.mx\/?p=39700","title":{"rendered":"Derrama econ\u00f3mica de 400 MDP y ocupaci\u00f3n hotelera del 100% dejar\u00e1 el Salsa Fest 2023: Alcalde JM Un\u00e1nue"},"content":{"rendered":"\n<p><strong>*<em>Gracias a la buena coordinaci\u00f3n con el Gobierno Estatal tendremos una gran derrama econ\u00f3mica en la ciudad, donde estamos listos para recibirlos con la mejor gastronom\u00eda, oferta hotelera y la inigualable hospitalidad del pueblo boque\u00f1o, destac\u00f3<\/em>.<\/strong><\/p>\n\n\n\n<p>Boca del R\u00edo, Ver.- Nuevamente miles de personas vibrar\u00e1n con la m\u00fasica, el baile, la magia y esplendor del SALSAFEST 2023, dijo el Alcalde de Boca del R\u00edo, Juan Manuel Un\u00e1nue Abascal, durante la presentaci\u00f3n del elenco oficial del magno festival que se realizar\u00e1 del 1 al 3 de junio.<\/p>\n\n\n\n<p>El Presidente Municipal acompa\u00f1\u00f3 a las autoridades estatales en las instalaciones del World Trade Center Veracruz, donde coincidieron que Boca del R\u00edo brinda todas las oportunidades y coordinaci\u00f3n para realizar el Salsa Fest en su nueva edici\u00f3n.<\/p>\n\n\n\n<p>\u201cSomos una ciudad en donde se puede realizar el festival sin ning\u00fan problema, esperamos una derrama econ\u00f3mica superior a los 400 millones de pesos y una ocupaci\u00f3n hotelera importante del cien por ciento\u201d, destacando que Boca del R\u00edo es una ciudad segura, limpia y ordenada.<\/p>\n\n\n\n<p>Juan Manuel Un\u00e1nue reiter\u00f3 que el municipio ocupa un lugar privilegiado por su oferta hotelera, gastron\u00f3mica, comercial y de prestaci\u00f3n de servicios, adem\u00e1s de una infraestructura moderna para recibir a miles de personas que gusta de la m\u00fasica salsa el 1, 2 y 3 de junio.<\/p>\n\n\n\n<p>Coment\u00f3 sobre la importancia que tiene este tipo de evento en Boca del R\u00edo, pues genera desarrollo econ\u00f3mico, fuentes de empleo y el fortalecimiento de todos los sectores que en ellas participan.<\/p>\n\n\n\n<p>Por otra parte, el Ejecutivo Estatal destac\u00f3 el respaldo del Gobierno Municipal boque\u00f1o para que el Salsa Fest tenga todo el \u00e9xito, contando con una plena coordinaci\u00f3n con las dependencias estatales y federales; sobre todo en materia de seguridad, tr\u00e1nsito y protecci\u00f3n civil, para garantizar que locales y visitantes se sientan seguros.<\/p>\n\n\n\n<p>Asimismo, el Gobernador del Estado de Veracruz, Cuitl\u00e1huac Garc\u00eda Jim\u00e9nez anunci\u00f3 la participaci\u00f3n de 12 artistas internacionales y seis locales, 18 grandes exponentes del g\u00e9nero latino.<\/p>\n\n\n\n<p>Y asever\u00f3, \u201cme da mucho gusto contar siempre con la autoridad municipal de Boca del R\u00edo, con el Alcalde (Juan Manuel) Un\u00e1nue, est\u00e1 colaborando, es parte de esta organizaci\u00f3n, es un evento que forma parte tambi\u00e9n de las acciones del gobierno municipal y por eso estamos agradecidos con \u00e9l\u201d, dijo.<\/p>\n\n\n\n<p>Iv\u00e1n Mart\u00ednez Olvera, Secretario de Turismo de Veracruz, comunic\u00f3 que en el 2022 se registr\u00f3 la presencia de m\u00e1s de 356 mil visitantes provenientes de los 32 estado de la Rep\u00fablica Mexicana y turistas de cinco pa\u00edses que llegaron exclusivamente a disfrutar del Salsa Fest Veracruz y de Boca del R\u00edo.<\/p>\n\n\n\n<p>Finalmente, el Presidente Municipal, Juan Manuel Un\u00e1nue Abascal, reiter\u00f3 la invitaci\u00f3n a que visiten Boca del R\u00edo y que bailen en el sals\u00f3dromo m\u00e1s grande del pa\u00eds que se ubica a lo largo y ancho del bulevar Vicente Fox, pero muy importante, de manera gratuita.<\/p>\n\n\n\n<p>Dijo que est\u00e1 convencido que con alegr\u00eda y entusiasmo se vivir\u00e1 de manera segura y organizada para que miles de personas vibren con la m\u00fasica, el baile, la magia y esplendor del SALSAFEST 2023.<\/p>\n\n\n\n<p><strong>CARTELERA<\/strong><br>Jueves 01<br>David Zahan, Chiquito Team Band, Jos\u00e9 Alberto \u201cEl Canario\u201d y un Artista Sorpresa<br>Viernes 02<br>Alberto Barros, Orquesta Guayac\u00e1n, Luis Enrique y un Artista Sorpresa<br>S\u00e1bado 03<br>Orquesta Adolescentes, Rey Ruiz, Oscar D\u00b4Le\u00f3n y un Artista Sorpresa<\/p>\n\n\n\n<p>Para m\u00e1s detalles pueden visitar la p\u00e1gina www.salsafestveracruz.com, Facebook: SalsaFest Veracruz, Twitter: SalsaFest_Ver e Instagram: Salsafest.ver<\/p>\n\n\n\n<figure class=\"wp-block-image size-large\"><img loading=\"lazy\" decoding=\"async\" width=\"819\" height=\"1024\" src=\"https:\/\/encuentroinformativo.com.mx\/wp-content\/uploads\/2023\/04\/IMG-20230424-WA0152.jpg\" alt=\"\" class=\"wp-image-39702\" srcset=\"https:\/\/encuentroinformativo.com.mx\/wp-content\/uploads\/2023\/04\/IMG-20230424-WA0152.jpg 819w, https:\/\/encuentroinformativo.com.mx\/wp-content\/uploads\/2023\/04\/IMG-20230424-WA0152-240x300.jpg 240w, https:\/\/encuentroinformativo.com.mx\/wp-content\/uploads\/2023\/04\/IMG-20230424-WA0152-768x960.jpg 768w\" sizes=\"auto, (max-width: 819px) 100vw, 819px\" \/><\/figure>\n","protected":false},"excerpt":{"rendered":"<p>*Gracias a la buena coordinaci\u00f3n con el Gobierno Estatal tendremos una gran derrama econ\u00f3mica en la ciudad, donde estamos listos para recibirlos con la mejor gastronom\u00eda, oferta hotelera y la inigualable hospitalidad del pueblo boque\u00f1o, destac\u00f3. Boca del R\u00edo, Ver.- Nuevamente miles de personas vibrar\u00e1n con la m\u00fasica, el baile, la magia y esplendor del [&hellip;]<\/p>\n","protected":false},"author":2476,"featured_media":39701,"comment_status":"open","ping_status":"open","sticky":false,"template":"","format":"standard","meta":{"_jetpack_memberships_contains_paid_content":false,"footnotes":""},"categories":[2],"tags":[],"class_list":["post-39700","post","type-post","status-publish","format-standard","has-post-thumbnail","hentry","category-estado"],"jetpack_featured_media_url":"https:\/\/encuentroinformativo.com.mx\/wp-content\/uploads\/2023\/04\/IMG-20230424-WA0151.jpg","jetpack_sharing_enabled":true,"jetpack_likes_enabled":true,"amp_enabled":true,"_links":{"self":[{"href":"https:\/\/encuentroinformativo.com.mx\/index.php?rest_route=\/wp\/v2\/posts\/39700","targetHints":{"allow":["GET"]}}],"collection":[{"href":"https:\/\/encuentroinformativo.com.mx\/index.php?rest_route=\/wp\/v2\/posts"}],"about":[{"href":"https:\/\/encuentroinformativo.com.mx\/index.php?rest_route=\/wp\/v2\/types\/post"}],"author":[{"embeddable":true,"href":"https:\/\/encuentroinformativo.com.mx\/index.php?rest_route=\/wp\/v2\/users\/2476"}],"replies":[{"embeddable":true,"href":"https:\/\/encuentroinformativo.com.mx\/index.php?rest_route=%2Fwp%2Fv2%2Fcomments&post=39700"}],"version-history":[{"count":1,"href":"https:\/\/encuentroinformativo.com.mx\/index.php?rest_route=\/wp\/v2\/posts\/39700\/revisions"}],"predecessor-version":[{"id":39703,"href":"https:\/\/encuentroinformativo.com.mx\/index.php?rest_route=\/wp\/v2\/posts\/39700\/revisions\/39703"}],"wp:featuredmedia":[{"embeddable":true,"href":"https:\/\/encuentroinformativo.com.mx\/index.php?rest_route=\/wp\/v2\/media\/39701"}],"wp:attachment":[{"href":"https:\/\/encuentroinformativo.com.mx\/index.php?rest_route=%2Fwp%2Fv2%2Fmedia&parent=39700"}],"wp:term":[{"taxonomy":"category","embeddable":true,"href":"https:\/\/encuentroinformativo.com.mx\/index.php?rest_route=%2Fwp%2Fv2%2Fcategories&post=39700"},{"taxonomy":"post_tag","embeddable":true,"href":"https:\/\/encuentroinformativo.com.mx\/index.php?rest_route=%2Fwp%2Fv2%2Ftags&post=39700"}],"curies":[{"name":"wp","href":"https:\/\/api.w.org\/{rel}","templated":true}]}}