{"id":39707,"date":"2023-04-25T09:35:18","date_gmt":"2023-04-25T15:35:18","guid":{"rendered":"https:\/\/encuentroinformativo.com.mx\/?p=39707"},"modified":"2023-04-25T09:35:24","modified_gmt":"2023-04-25T15:35:24","slug":"el-guero-velasco","status":"publish","type":"post","link":"https:\/\/encuentroinformativo.com.mx\/?p=39707","title":{"rendered":"EL G\u00dcERO VELASCO"},"content":{"rendered":"\n<p><strong>Los Pol\u00edticos<\/strong><\/p>\n\n\n\n<p><strong>Salvador Mu\u00f1oz<\/strong><\/p>\n\n\n\n<p>A las dos referencias que tengo de Manuel Velasco Coello, se suma el \u201ddestape\u201d que le hicieron como pretendiente a la Presidencia de la Rep\u00fablica este 2024.<\/p>\n\n\n\n<p>Esta idea en lo particular, la recibo con agrado porque de ser as\u00ed, de que el PVEM tuviera un candidato propio en pos del Poder Ejecutivo, de cierto modo servir\u00eda para dos cosas inmediatas:<\/p>\n\n\n\n<p>La primera, para ver de qu\u00e9 tama\u00f1o es realmente el PVEM.<\/p>\n\n\n\n<p>La segunda, para que pudiera sacudirse esa imagen de r\u00e9mora que a lo largo de su existencia, ha formado: siempre a la sombra de los partidos grandes, como pati\u00f1o pol\u00edtico. Ya lo hizo con el PRI, ya lo hizo con el PAN, ya lo hizo con Morena\u2026<\/p>\n\n\n\n<p>El PVEM, como muchos, es un partido de un hombre, en este caso Manuel \u201cEl G\u00fcero\u201d Velasco porque despu\u00e9s de \u00e9l, no hay otro Verde que brille con luz propia o que a la vez, le haga sombra.<\/p>\n\n\n\n<p>Desconozco qu\u00e9 tanto efecto pudiera tener en el electorado si acaso fuera seria la idea de tener al G\u00fcero Velasco como candidato al 2024; tampoco tengo idea de qu\u00e9 tanto pudiera \u201cdesestabilizar\u201d a su socio electoral del momento, Morena, su rompimiento aliancista (insisto, si fuera seria esta idea) o qu\u00e9 tanto puede beneficiar o afectar a la otra Oposici\u00f3n, la de a devis\u2026<\/p>\n\n\n\n<p>Aunque habr\u00e1 que ver c\u00f3mo evolucionan las elecciones en Coahuila y en el Estado de M\u00e9xico, donde en el primer estado, tiene cuatro candidatos: por el PT, por Morena, por PAN-PRI-PRD y Unidad Democr\u00e1tica de Coahuila (UDC) y el PVEM; y en el segundo estado, hay dos candidatas: la de Morena, PT y PVEM; y la del PRI, PAN y PRD.<\/p>\n\n\n\n<p>\u00bfCu\u00e1l es la pretensi\u00f3n del PVEM de jugar por separado en uno y unido en otro? Ahora que si le damos muchas cremas a sus tacos al PVEM, la pregunta real ser\u00eda: \u00bfCu\u00e1l es la pretensi\u00f3n de Morena de ir sin el PVEM en uno, pero en el otro, s\u00ed?<\/p>\n\n\n\n<p>Como sea, ojal\u00e1 para el 2024, por fin veamos de qu\u00e9 est\u00e1 hecho el PVEM realmente si participa solo por la Presidencia\u2026<\/p>\n\n\n\n<p>Pero les dec\u00eda que con este \u201cdestape\u201d que hacen del G\u00fcero Velasco como pretendiente a la Presidencia este 2024, su intenci\u00f3n se vuelve la tercera referencia por la que tengo presente al Senador del Verde.<\/p>\n\n\n\n<p>La primera referencia que tengo de \u00e9l, es porque est\u00e1 casado con la cantante Anah\u00ed\u2026<\/p>\n\n\n\n<p>La segunda referencia, cuando siendo candidato si no mal recuerdo a la Gubernatura de Chiapas, le dio tremenda cachetada p\u00fablica a uno de sus asistentes por no responder a una orden o entender mal una de sus peticiones\u2026 s\u00ed, por esas razones es por las que recordaba al G\u00fcero Velasco y ninguna se acerca por su \u201cSer Pol\u00edtico\u201d.<\/p>\n","protected":false},"excerpt":{"rendered":"<p>Los Pol\u00edticos Salvador Mu\u00f1oz A las dos referencias que tengo de Manuel Velasco Coello, se suma el \u201ddestape\u201d que le hicieron como pretendiente a la Presidencia de la Rep\u00fablica este 2024. Esta idea en lo particular, la recibo con agrado porque de ser as\u00ed, de que el PVEM tuviera un candidato propio en pos del [&hellip;]<\/p>\n","protected":false},"author":2476,"featured_media":387,"comment_status":"open","ping_status":"open","sticky":false,"template":"","format":"standard","meta":{"_jetpack_memberships_contains_paid_content":false,"footnotes":""},"categories":[11],"tags":[],"class_list":["post-39707","post","type-post","status-publish","format-standard","has-post-thumbnail","hentry","category-opinion"],"jetpack_featured_media_url":"https:\/\/encuentroinformativo.com.mx\/wp-content\/uploads\/2020\/03\/7CF8A22B-2764-47BE-8F7F-38FE9E5D6A2F.jpeg","jetpack_sharing_enabled":true,"jetpack_likes_enabled":true,"amp_enabled":true,"_links":{"self":[{"href":"https:\/\/encuentroinformativo.com.mx\/index.php?rest_route=\/wp\/v2\/posts\/39707","targetHints":{"allow":["GET"]}}],"collection":[{"href":"https:\/\/encuentroinformativo.com.mx\/index.php?rest_route=\/wp\/v2\/posts"}],"about":[{"href":"https:\/\/encuentroinformativo.com.mx\/index.php?rest_route=\/wp\/v2\/types\/post"}],"author":[{"embeddable":true,"href":"https:\/\/encuentroinformativo.com.mx\/index.php?rest_route=\/wp\/v2\/users\/2476"}],"replies":[{"embeddable":true,"href":"https:\/\/encuentroinformativo.com.mx\/index.php?rest_route=%2Fwp%2Fv2%2Fcomments&post=39707"}],"version-history":[{"count":1,"href":"https:\/\/encuentroinformativo.com.mx\/index.php?rest_route=\/wp\/v2\/posts\/39707\/revisions"}],"predecessor-version":[{"id":39708,"href":"https:\/\/encuentroinformativo.com.mx\/index.php?rest_route=\/wp\/v2\/posts\/39707\/revisions\/39708"}],"wp:featuredmedia":[{"embeddable":true,"href":"https:\/\/encuentroinformativo.com.mx\/index.php?rest_route=\/wp\/v2\/media\/387"}],"wp:attachment":[{"href":"https:\/\/encuentroinformativo.com.mx\/index.php?rest_route=%2Fwp%2Fv2%2Fmedia&parent=39707"}],"wp:term":[{"taxonomy":"category","embeddable":true,"href":"https:\/\/encuentroinformativo.com.mx\/index.php?rest_route=%2Fwp%2Fv2%2Fcategories&post=39707"},{"taxonomy":"post_tag","embeddable":true,"href":"https:\/\/encuentroinformativo.com.mx\/index.php?rest_route=%2Fwp%2Fv2%2Ftags&post=39707"}],"curies":[{"name":"wp","href":"https:\/\/api.w.org\/{rel}","templated":true}]}}