{"id":39709,"date":"2023-04-25T09:37:20","date_gmt":"2023-04-25T15:37:20","guid":{"rendered":"https:\/\/encuentroinformativo.com.mx\/?p=39709"},"modified":"2023-04-25T09:37:25","modified_gmt":"2023-04-25T15:37:25","slug":"con-funcion-de-lucha-libre-aaa-celebraran-dia-del-nino","status":"publish","type":"post","link":"https:\/\/encuentroinformativo.com.mx\/?p=39709","title":{"rendered":"Con funci\u00f3n de Lucha Libre AAA celebrar\u00e1n D\u00eda del Ni\u00f1o"},"content":{"rendered":"\n<p><strong>Alejandro \u00c1vila<\/strong><\/p>\n\n\n\n<p>Veracruz, Ver.- El pr\u00f3ximo viernes 28 de abril el Ayuntamiento de Veracruz a trav\u00e9s del DIF Municipal realizar\u00e1 una funci\u00f3n de Lucha Libre gratuita, con los gladiadores estrella de la empresa AAA (Triple A).<\/p>\n\n\n\n<p>La directora, X\u00f3chitl Arzaba Hern\u00e1ndez, mencion\u00f3 que toda la semana en los diversos m\u00f3dulos del DIF, se realizan actividades en el marco del festejo del D\u00eda del Ni\u00f1o, siendo la actividad estelar la Lucha Libre.<\/p>\n\n\n\n<p>&#8220;En el marco del D\u00eda del Ni\u00f1o vamos a consentir y a festejar a todas las ni\u00f1as y ni\u00f1os del Puerto de Veracruz, a trav\u00e9s de los diferentes m\u00f3dulos del DIF Municipal, en cada uno de estos m\u00f3dulos se llevar\u00e1n a cabo actividades de recreaci\u00f3n, como cinito, tendremos rodada infantil, cuentacuentos, habr\u00e1 mucha diversi\u00f3n, inflables, personajes infantiles y muchas sorpresas m\u00e1s. Lo mejor ser\u00e1 que nuestra alcaldesa, Patricia Lobeira, va a cerrar todos estos festejos con un gran evento para todas las ni\u00f1as y los ni\u00f1os&#8221;, se\u00f1al\u00f3 la funcionaria municipal.<\/p>\n\n\n\n<p>Este lunes 24 de abril, en el m\u00f3dulo DIF Torrentes se llev\u00f3 a cabo un taller de Lucha Libre, donde gladiadores veracruzanos ense\u00f1aron a los peque\u00f1os, lances y llaves, que son comunmente vistas en el ring.<\/p>\n\n\n\n<p>Este martes 25 de abril, en el m\u00f3dulo DIF Amapolas 2, se llevar\u00e1 a cabo una Rodada Infantil a partir de las 16 horas y al finalizar habr\u00e1 inflables; mientras que el mi\u00e9rcoles 26 de abril, habr\u00e1 una funci\u00f3n de cine en el parque de la localidad de Santa Fe, a las 17 horas.<\/p>\n\n\n\n<p>Finalmente, el viernes 28 de abril en el N\u00facleo Deportivo &#8220;Carlos Serd\u00e1n Arechavaleta&#8221;, se realizar\u00e1 la funci\u00f3n de lucha libre a partir de las 17:30 horas.<\/p>\n\n\n\n<p>La lucha S\u00faper Estrella estar\u00e1 a cargo de: Psycho Clown, Murder Clown y Monsther Clown quienes enfrentar\u00e1n a Sans\u00f3n, Forastero y hijo de M\u00e1scara A\u00f1o 2000.<\/p>\n\n\n\n<p>Lucha M\u00e9xico contra Jap\u00f3n: enfrentar\u00e1 a Mr. Iguana, Din\u00e1mico y Panic Clown, contra Nishikawa, Kuukai y Nozaki.<\/p>\n\n\n\n<p>La Lucha de Locura: My Flower, Dulce Canela y Lady Shani, contra Yuriko, Davisha y Lady Maravilla; la Lucha de Minis, ser\u00e1 de La Parkita y Mini Psycho Clown, contra La Parkita Negra y Mini Abismo Negro.<\/p>\n","protected":false},"excerpt":{"rendered":"<p>Alejandro \u00c1vila Veracruz, Ver.- El pr\u00f3ximo viernes 28 de abril el Ayuntamiento de Veracruz a trav\u00e9s del DIF Municipal realizar\u00e1 una funci\u00f3n de Lucha Libre gratuita, con los gladiadores estrella de la empresa AAA (Triple A). La directora, X\u00f3chitl Arzaba Hern\u00e1ndez, mencion\u00f3 que toda la semana en los diversos m\u00f3dulos del DIF, se realizan actividades [&hellip;]<\/p>\n","protected":false},"author":2476,"featured_media":39710,"comment_status":"open","ping_status":"open","sticky":false,"template":"","format":"standard","meta":{"_jetpack_memberships_contains_paid_content":false,"footnotes":""},"categories":[2],"tags":[],"class_list":["post-39709","post","type-post","status-publish","format-standard","has-post-thumbnail","hentry","category-estado"],"jetpack_featured_media_url":"https:\/\/encuentroinformativo.com.mx\/wp-content\/uploads\/2023\/04\/IMG-20230425-WA0004.jpg","jetpack_sharing_enabled":true,"jetpack_likes_enabled":true,"amp_enabled":true,"_links":{"self":[{"href":"https:\/\/encuentroinformativo.com.mx\/index.php?rest_route=\/wp\/v2\/posts\/39709","targetHints":{"allow":["GET"]}}],"collection":[{"href":"https:\/\/encuentroinformativo.com.mx\/index.php?rest_route=\/wp\/v2\/posts"}],"about":[{"href":"https:\/\/encuentroinformativo.com.mx\/index.php?rest_route=\/wp\/v2\/types\/post"}],"author":[{"embeddable":true,"href":"https:\/\/encuentroinformativo.com.mx\/index.php?rest_route=\/wp\/v2\/users\/2476"}],"replies":[{"embeddable":true,"href":"https:\/\/encuentroinformativo.com.mx\/index.php?rest_route=%2Fwp%2Fv2%2Fcomments&post=39709"}],"version-history":[{"count":1,"href":"https:\/\/encuentroinformativo.com.mx\/index.php?rest_route=\/wp\/v2\/posts\/39709\/revisions"}],"predecessor-version":[{"id":39711,"href":"https:\/\/encuentroinformativo.com.mx\/index.php?rest_route=\/wp\/v2\/posts\/39709\/revisions\/39711"}],"wp:featuredmedia":[{"embeddable":true,"href":"https:\/\/encuentroinformativo.com.mx\/index.php?rest_route=\/wp\/v2\/media\/39710"}],"wp:attachment":[{"href":"https:\/\/encuentroinformativo.com.mx\/index.php?rest_route=%2Fwp%2Fv2%2Fmedia&parent=39709"}],"wp:term":[{"taxonomy":"category","embeddable":true,"href":"https:\/\/encuentroinformativo.com.mx\/index.php?rest_route=%2Fwp%2Fv2%2Fcategories&post=39709"},{"taxonomy":"post_tag","embeddable":true,"href":"https:\/\/encuentroinformativo.com.mx\/index.php?rest_route=%2Fwp%2Fv2%2Ftags&post=39709"}],"curies":[{"name":"wp","href":"https:\/\/api.w.org\/{rel}","templated":true}]}}