{"id":39720,"date":"2023-04-25T10:47:00","date_gmt":"2023-04-25T16:47:00","guid":{"rendered":"https:\/\/encuentroinformativo.com.mx\/?p=39720"},"modified":"2023-04-25T10:47:05","modified_gmt":"2023-04-25T16:47:05","slug":"penoso-que-cabildo-porteno-cuente-con-dos-violentadores-regidora","status":"publish","type":"post","link":"https:\/\/encuentroinformativo.com.mx\/?p=39720","title":{"rendered":"Penoso que Cabildo porte\u00f1o cuente con dos violentadores: Regidora"},"content":{"rendered":"\n<p><strong>Alejandro \u00c1vila<\/strong><\/p>\n\n\n\n<p>Veracruz, Ver.- La regidora, Belem Palmeros Exsome calific\u00f3 como penoso que el Cabildo de Veracruz cuente con dos ediles violentadores.<\/p>\n\n\n\n<p>En primera instancia se\u00f1al\u00f3 el caso del regidor de Morena, Sebasti\u00e1n &#8220;N&#8221;, qui\u00e9n acumula cuatro denuncias ante la Fiscal\u00eda General del Estado (FGE), por violencia f\u00edsica, sexual, psicol\u00f3gica y econ\u00f3mica.<\/p>\n\n\n\n<p>La edil priista, record\u00f3 que hace unos d\u00edas su hom\u00f3loga, tambi\u00e9n de Morena, Virginia Rold\u00e1n Ram\u00edrez, fue agregada por el Tribunal Electoral de Veracruz (TEV) al Registro Nacional de Violencia Pol\u00edtica en Raz\u00f3n de G\u00e9nero, tras las denostaciones ejercidas en contra de la alcaldesa, Patricia Lobeira Rodr\u00edguez.<\/p>\n\n\n\n<p>&#8220;Incluso en d\u00edas pasados ya sali\u00f3 tambi\u00e9n la sentencia en contra de otra compa\u00f1era regidora que entr\u00f3 al grupo de violentadores. Entonces, es penoso que en un estado con dos Alertas de Violencia de G\u00e9nero (AVG), con posiblemente una tercera, tengamos funcionarios de esa manera, las mujeres somos el 52 por ciento de la poblaci\u00f3n, y est\u00e1 claro que estos dos sujetos est\u00e1n violentando al 52 por ciento de la poblaci\u00f3n, porque si nos violentan a una nos violentan a todas. Entonces, es muy penoso lo que est\u00e1 pasando en Cabildo de Veracruz, y espero que el partido donde ellos militan haga algo al respecto, porque no puede ser que haya funcionarios as\u00ed en el poder&#8221;, refut\u00f3.<\/p>\n\n\n\n<p>Regresando al caso del regidor de Morena denunciado por violencia contra la mujer, Belem Palmeros, descart\u00f3, al momento, una dilaci\u00f3n en las labores por parte de la Fiscal\u00eda General del Estado, pues asegur\u00f3 que todo va en el t\u00e9rmino que debe de ser, a la fecha se encuentran analizando las carpetas de investigaci\u00f3n, y se encuentran a la espera del dictamen de la Polic\u00eda Ministerial.<\/p>\n\n\n\n<p>&#8220;Realmente en el t\u00e9rmino, va bien, habr\u00e1 que ver ya en el momento que se judicialicen las carpetas, veremos ah\u00ed en ese momento, la rapidez o no del caso&#8221;, culmin\u00f3.<\/p>\n","protected":false},"excerpt":{"rendered":"<p>Alejandro \u00c1vila Veracruz, Ver.- La regidora, Belem Palmeros Exsome calific\u00f3 como penoso que el Cabildo de Veracruz cuente con dos ediles violentadores. En primera instancia se\u00f1al\u00f3 el caso del regidor de Morena, Sebasti\u00e1n &#8220;N&#8221;, qui\u00e9n acumula cuatro denuncias ante la Fiscal\u00eda General del Estado (FGE), por violencia f\u00edsica, sexual, psicol\u00f3gica y econ\u00f3mica. La edil priista, [&hellip;]<\/p>\n","protected":false},"author":2476,"featured_media":39721,"comment_status":"open","ping_status":"open","sticky":false,"template":"","format":"standard","meta":{"_jetpack_memberships_contains_paid_content":false,"footnotes":""},"categories":[2],"tags":[],"class_list":["post-39720","post","type-post","status-publish","format-standard","has-post-thumbnail","hentry","category-estado"],"jetpack_featured_media_url":"https:\/\/encuentroinformativo.com.mx\/wp-content\/uploads\/2023\/04\/IMG-20230425-WA00122.jpg","jetpack_sharing_enabled":true,"jetpack_likes_enabled":true,"amp_enabled":true,"_links":{"self":[{"href":"https:\/\/encuentroinformativo.com.mx\/index.php?rest_route=\/wp\/v2\/posts\/39720","targetHints":{"allow":["GET"]}}],"collection":[{"href":"https:\/\/encuentroinformativo.com.mx\/index.php?rest_route=\/wp\/v2\/posts"}],"about":[{"href":"https:\/\/encuentroinformativo.com.mx\/index.php?rest_route=\/wp\/v2\/types\/post"}],"author":[{"embeddable":true,"href":"https:\/\/encuentroinformativo.com.mx\/index.php?rest_route=\/wp\/v2\/users\/2476"}],"replies":[{"embeddable":true,"href":"https:\/\/encuentroinformativo.com.mx\/index.php?rest_route=%2Fwp%2Fv2%2Fcomments&post=39720"}],"version-history":[{"count":1,"href":"https:\/\/encuentroinformativo.com.mx\/index.php?rest_route=\/wp\/v2\/posts\/39720\/revisions"}],"predecessor-version":[{"id":39722,"href":"https:\/\/encuentroinformativo.com.mx\/index.php?rest_route=\/wp\/v2\/posts\/39720\/revisions\/39722"}],"wp:featuredmedia":[{"embeddable":true,"href":"https:\/\/encuentroinformativo.com.mx\/index.php?rest_route=\/wp\/v2\/media\/39721"}],"wp:attachment":[{"href":"https:\/\/encuentroinformativo.com.mx\/index.php?rest_route=%2Fwp%2Fv2%2Fmedia&parent=39720"}],"wp:term":[{"taxonomy":"category","embeddable":true,"href":"https:\/\/encuentroinformativo.com.mx\/index.php?rest_route=%2Fwp%2Fv2%2Fcategories&post=39720"},{"taxonomy":"post_tag","embeddable":true,"href":"https:\/\/encuentroinformativo.com.mx\/index.php?rest_route=%2Fwp%2Fv2%2Ftags&post=39720"}],"curies":[{"name":"wp","href":"https:\/\/api.w.org\/{rel}","templated":true}]}}