{"id":39728,"date":"2023-04-25T11:28:53","date_gmt":"2023-04-25T17:28:53","guid":{"rendered":"https:\/\/encuentroinformativo.com.mx\/?p=39728"},"modified":"2023-04-25T11:28:57","modified_gmt":"2023-04-25T17:28:57","slug":"justifica-sener-apagones-en-la-zona-conurbada","status":"publish","type":"post","link":"https:\/\/encuentroinformativo.com.mx\/?p=39728","title":{"rendered":"Justifica SENER apagones en la zona conurbada"},"content":{"rendered":"\n<p><strong>Alejandro \u00c1vila<\/strong><\/p>\n\n\n\n<p>Boca del R\u00edo, Ver.- La secretaria de Energ\u00eda, Roc\u00edo Nahle Garc\u00eda, justific\u00f3 los constantes &#8220;apagones&#8221; que se est\u00e1n dando en la zona conurbada Veracruz &#8211; Boca del R\u00edo, y asegur\u00f3 que seg\u00fan la informaci\u00f3n que le proporcion\u00f3 la Comisi\u00f3n Federal de Electricidad (CFE), la paraestatal se encuentra haciendo cambio de transformadores en la zona.<\/p>\n\n\n\n<p>Es de mencionar que en en tan solo cuatro meses del 2023 se han registrado en los municipios de La Antigua, Alvarado, Veracruz, Boca del R\u00edo y Medell\u00edn de Bravo, cerca de 40 apagones de luz, seg\u00fan las quejas de los usuarios.<\/p>\n\n\n\n<p>El pasado domingo 23 de abril se suscit\u00f3 una de las faltas de energ\u00eda m\u00e1s extensas en territorio y prolongadas de tiempo; pues aproximadamente 200 colonias de los municipios de Veracruz, Boca del R\u00edo y Medell\u00edn de Bravo, reportaron fallas, el suministro de energ\u00eda el\u00e9ctrica regres\u00f3 despu\u00e9s de 5 horas en algunos hogares.<\/p>\n\n\n\n<p>&#8220;Ayer me inform\u00f3 la Comisi\u00f3n Federal de Electricidad (CFE) que efectivamente est\u00e1n en un proceso de cambio de bancos de transformadores en esta zona, y adem\u00e1s con nortes y vientos que acabamos de tener, tuvieron fallas en ciertos sitios que estaban reparando ayer, ese fue el informe que tengo, pero s\u00ed estamos trabajando. La CFE es una gran empresa y me dio gusto saber que est\u00e1n haciendo todo el cambio programado de bancos de transformadores&#8221;,<\/p>\n\n\n\n<p>Sobre las quejas por los altos costos en las tarifas de la Comisi\u00f3n Federal de Electricidad (CFE), la aspirante a la gubernatura de Veracruz por el partido Morena, se excus\u00f3 diciendo que est\u00e1 solicitud no solo se hace en la entidad veracruzana, sino en todo el pa\u00eds; y ratific\u00f3 que seg\u00fan lo dicho por el presidente, Andr\u00e9s Manuel L\u00f3pez Obrador, se tiene controlada la inflaci\u00f3n energ\u00e9tica.<\/p>\n\n\n\n<p>&#8220;Pero no nada m\u00e1s es aqu\u00ed (Veracruz), es en todo el pa\u00eds, y lo \u00fanico que les hemos dicho es que M\u00e9xico tiene las tarifas m\u00e1s bajas, el presidente todos los d\u00edas en Ma\u00f1aneras comenta como estamos reteniendo o controlando la inflaci\u00f3n en los energ\u00e9ticos&#8221;, finaliz\u00f3.<\/p>\n","protected":false},"excerpt":{"rendered":"<p>Alejandro \u00c1vila Boca del R\u00edo, Ver.- La secretaria de Energ\u00eda, Roc\u00edo Nahle Garc\u00eda, justific\u00f3 los constantes &#8220;apagones&#8221; que se est\u00e1n dando en la zona conurbada Veracruz &#8211; Boca del R\u00edo, y asegur\u00f3 que seg\u00fan la informaci\u00f3n que le proporcion\u00f3 la Comisi\u00f3n Federal de Electricidad (CFE), la paraestatal se encuentra haciendo cambio de transformadores en la [&hellip;]<\/p>\n","protected":false},"author":2476,"featured_media":39729,"comment_status":"open","ping_status":"open","sticky":false,"template":"","format":"standard","meta":{"_jetpack_memberships_contains_paid_content":false,"footnotes":""},"categories":[2],"tags":[],"class_list":["post-39728","post","type-post","status-publish","format-standard","has-post-thumbnail","hentry","category-estado"],"jetpack_featured_media_url":"https:\/\/encuentroinformativo.com.mx\/wp-content\/uploads\/2023\/04\/IMG-20230425-WA00172.jpg","jetpack_sharing_enabled":true,"jetpack_likes_enabled":true,"amp_enabled":true,"_links":{"self":[{"href":"https:\/\/encuentroinformativo.com.mx\/index.php?rest_route=\/wp\/v2\/posts\/39728","targetHints":{"allow":["GET"]}}],"collection":[{"href":"https:\/\/encuentroinformativo.com.mx\/index.php?rest_route=\/wp\/v2\/posts"}],"about":[{"href":"https:\/\/encuentroinformativo.com.mx\/index.php?rest_route=\/wp\/v2\/types\/post"}],"author":[{"embeddable":true,"href":"https:\/\/encuentroinformativo.com.mx\/index.php?rest_route=\/wp\/v2\/users\/2476"}],"replies":[{"embeddable":true,"href":"https:\/\/encuentroinformativo.com.mx\/index.php?rest_route=%2Fwp%2Fv2%2Fcomments&post=39728"}],"version-history":[{"count":1,"href":"https:\/\/encuentroinformativo.com.mx\/index.php?rest_route=\/wp\/v2\/posts\/39728\/revisions"}],"predecessor-version":[{"id":39730,"href":"https:\/\/encuentroinformativo.com.mx\/index.php?rest_route=\/wp\/v2\/posts\/39728\/revisions\/39730"}],"wp:featuredmedia":[{"embeddable":true,"href":"https:\/\/encuentroinformativo.com.mx\/index.php?rest_route=\/wp\/v2\/media\/39729"}],"wp:attachment":[{"href":"https:\/\/encuentroinformativo.com.mx\/index.php?rest_route=%2Fwp%2Fv2%2Fmedia&parent=39728"}],"wp:term":[{"taxonomy":"category","embeddable":true,"href":"https:\/\/encuentroinformativo.com.mx\/index.php?rest_route=%2Fwp%2Fv2%2Fcategories&post=39728"},{"taxonomy":"post_tag","embeddable":true,"href":"https:\/\/encuentroinformativo.com.mx\/index.php?rest_route=%2Fwp%2Fv2%2Ftags&post=39728"}],"curies":[{"name":"wp","href":"https:\/\/api.w.org\/{rel}","templated":true}]}}