{"id":39799,"date":"2023-04-26T12:14:58","date_gmt":"2023-04-26T18:14:58","guid":{"rendered":"https:\/\/encuentroinformativo.com.mx\/?p=39799"},"modified":"2023-04-26T12:15:02","modified_gmt":"2023-04-26T18:15:02","slug":"por-amenazas-en-redes-blindan-escuela-en-poza-rica","status":"publish","type":"post","link":"https:\/\/encuentroinformativo.com.mx\/?p=39799","title":{"rendered":"Por amenazas en redes, blindan escuela en Poza Rica"},"content":{"rendered":"\n<p><strong>Alejandro \u00c1vila<\/strong><\/p>\n\n\n\n<p>Poza Rica, Ver.- La secundaria Federal n\u00famero 1 &#8220;Heriberto Jara Corona&#8221; en el municipio de Poza Rica, tendr\u00e1 un blindaje por parte de la Polic\u00eda Municipal, tras las amenazas de tiroteo en contra de profesores y alumnos que se dieron en redes sociales.<\/p>\n\n\n\n<p>Este lunes y padres de familia alertaron a las autoridades administrativas de la secundaria sobre una presunta amenaza de tiroteo en contra de maestros y alumnos que fue visualizada en redes sociales.<\/p>\n\n\n\n<p>Ante esta situaci\u00f3n el director de la secundaria convoc\u00f3 a una reuni\u00f3n urgente a los padres de familia, donde les expuso que se incrementar\u00edan los protocolos de seguridad internos e incluso, comprar\u00edan detectores de metales para realizar el operativo &#8220;mochila segura&#8221; e interceptar alg\u00fan tipo de arma, antes de ingresar al plantel educativo.<\/p>\n\n\n\n<p>De acuerdo a los padres de familia y de alumnos, en una cuenta de Instagram, se publicaron una serie de amenazas en contra de maestros y alumnos de diversos grupos de la Federal 1; adem\u00e1s se expusieron im\u00e1genes de armas y, la iniciales de quienes se presumen podr\u00edan ser los objetivos.&nbsp;<\/p>\n\n\n\n<p>Hasta el momento nadie ha sido se\u00f1alado por estas amenazas, sin embargo, la tensi\u00f3n y preocupaci\u00f3n en esta escuela es evidente.<\/p>\n\n\n\n<p>Mientras tanto, el director de la Polic\u00eda Municipal de Poza Rica, Ezequiel Gonz\u00e1lez Ju\u00e1rez, inform\u00f3 que se realizar\u00e1n operativos por parte de la corporaci\u00f3n al interior y exterior del plantel educativo ubicado en la colonia Tepeyac.<\/p>\n","protected":false},"excerpt":{"rendered":"<p>Alejandro \u00c1vila Poza Rica, Ver.- La secundaria Federal n\u00famero 1 &#8220;Heriberto Jara Corona&#8221; en el municipio de Poza Rica, tendr\u00e1 un blindaje por parte de la Polic\u00eda Municipal, tras las amenazas de tiroteo en contra de profesores y alumnos que se dieron en redes sociales. Este lunes y padres de familia alertaron a las autoridades [&hellip;]<\/p>\n","protected":false},"author":2476,"featured_media":39800,"comment_status":"open","ping_status":"open","sticky":false,"template":"","format":"standard","meta":{"_jetpack_memberships_contains_paid_content":false,"footnotes":""},"categories":[2],"tags":[],"class_list":["post-39799","post","type-post","status-publish","format-standard","has-post-thumbnail","hentry","category-estado"],"jetpack_featured_media_url":"https:\/\/encuentroinformativo.com.mx\/wp-content\/uploads\/2023\/04\/IMG-20230426-WA0082.jpg","jetpack_sharing_enabled":true,"jetpack_likes_enabled":true,"amp_enabled":true,"_links":{"self":[{"href":"https:\/\/encuentroinformativo.com.mx\/index.php?rest_route=\/wp\/v2\/posts\/39799","targetHints":{"allow":["GET"]}}],"collection":[{"href":"https:\/\/encuentroinformativo.com.mx\/index.php?rest_route=\/wp\/v2\/posts"}],"about":[{"href":"https:\/\/encuentroinformativo.com.mx\/index.php?rest_route=\/wp\/v2\/types\/post"}],"author":[{"embeddable":true,"href":"https:\/\/encuentroinformativo.com.mx\/index.php?rest_route=\/wp\/v2\/users\/2476"}],"replies":[{"embeddable":true,"href":"https:\/\/encuentroinformativo.com.mx\/index.php?rest_route=%2Fwp%2Fv2%2Fcomments&post=39799"}],"version-history":[{"count":1,"href":"https:\/\/encuentroinformativo.com.mx\/index.php?rest_route=\/wp\/v2\/posts\/39799\/revisions"}],"predecessor-version":[{"id":39801,"href":"https:\/\/encuentroinformativo.com.mx\/index.php?rest_route=\/wp\/v2\/posts\/39799\/revisions\/39801"}],"wp:featuredmedia":[{"embeddable":true,"href":"https:\/\/encuentroinformativo.com.mx\/index.php?rest_route=\/wp\/v2\/media\/39800"}],"wp:attachment":[{"href":"https:\/\/encuentroinformativo.com.mx\/index.php?rest_route=%2Fwp%2Fv2%2Fmedia&parent=39799"}],"wp:term":[{"taxonomy":"category","embeddable":true,"href":"https:\/\/encuentroinformativo.com.mx\/index.php?rest_route=%2Fwp%2Fv2%2Fcategories&post=39799"},{"taxonomy":"post_tag","embeddable":true,"href":"https:\/\/encuentroinformativo.com.mx\/index.php?rest_route=%2Fwp%2Fv2%2Ftags&post=39799"}],"curies":[{"name":"wp","href":"https:\/\/api.w.org\/{rel}","templated":true}]}}