{"id":39802,"date":"2023-04-26T13:00:57","date_gmt":"2023-04-26T19:00:57","guid":{"rendered":"https:\/\/encuentroinformativo.com.mx\/?p=39802"},"modified":"2023-04-26T13:01:01","modified_gmt":"2023-04-26T19:01:01","slug":"invitan-a-exposicion-la-misma-luna","status":"publish","type":"post","link":"https:\/\/encuentroinformativo.com.mx\/?p=39802","title":{"rendered":"Invitan a exposici\u00f3n &#8216;La misma luna&#8217;"},"content":{"rendered":"\n<p><strong>Dar\u00edo Pale <\/strong><\/p>\n\n\n\n<p>Xalapa, Ver.- Invitan a la ciudadan\u00eda para que asista a la inauguran este jueves la exposici\u00f3n La Misma Luna en el Museo de Antropolog\u00eda, el evento inicia a las 7 de la noche en la Galer\u00eda del Mezzanine as\u00ed lo inform\u00f3 Alejandra L\u00f3pez y Pamela Flores, integrantes del Taller de Grabado Experimental.<\/p>\n\n\n\n<p>En conferencia de prensa, comentaron que el Taller es un colectivo de artistas gr\u00e1ficos que se dedica a fomentar las t\u00e9cnicas del grabado en sus diferentes \u00e1mbitos.<\/p>\n\n\n\n<p>&#8220;En esta ocasi\u00f3n, este proyecto es en colaboraci\u00f3n con el Museo de Antropolog\u00eda que habla, precisamente, de las piezas arqueol\u00f3gicas que est\u00e1n ah\u00ed y una relaci\u00f3n de nuestros pueblos antepasados con el presente&#8221;, se\u00f1al\u00f3.<\/p>\n\n\n\n<p>En ese sentido, comentaron que estar\u00e1n participando 15 artistas, no s\u00f3lo integrantes del Taller, sino tambi\u00e9n de Xalapa, Coatepec y Xico, con 28 piezas.<\/p>\n\n\n\n<p>Finalmente dieron a conocer que la inauguraci\u00f3n la entrada ser\u00e1 libre y para visitarlo posteriormente, el precio de la entrada es de 50 pesos, lo que cobra el Museo de Antropolog\u00eda, la exposici\u00f3 permanecer\u00e1 hasta el 7 de junio.<\/p>\n","protected":false},"excerpt":{"rendered":"<p>Dar\u00edo Pale Xalapa, Ver.- Invitan a la ciudadan\u00eda para que asista a la inauguran este jueves la exposici\u00f3n La Misma Luna en el Museo de Antropolog\u00eda, el evento inicia a las 7 de la noche en la Galer\u00eda del Mezzanine as\u00ed lo inform\u00f3 Alejandra L\u00f3pez y Pamela Flores, integrantes del Taller de Grabado Experimental. En [&hellip;]<\/p>\n","protected":false},"author":2476,"featured_media":39803,"comment_status":"open","ping_status":"open","sticky":false,"template":"","format":"standard","meta":{"_jetpack_memberships_contains_paid_content":false,"footnotes":""},"categories":[3],"tags":[],"class_list":["post-39802","post","type-post","status-publish","format-standard","has-post-thumbnail","hentry","category-xalapa"],"jetpack_featured_media_url":"https:\/\/encuentroinformativo.com.mx\/wp-content\/uploads\/2023\/04\/IMG-20230426-WA0084.jpg","jetpack_sharing_enabled":true,"jetpack_likes_enabled":true,"amp_enabled":true,"_links":{"self":[{"href":"https:\/\/encuentroinformativo.com.mx\/index.php?rest_route=\/wp\/v2\/posts\/39802","targetHints":{"allow":["GET"]}}],"collection":[{"href":"https:\/\/encuentroinformativo.com.mx\/index.php?rest_route=\/wp\/v2\/posts"}],"about":[{"href":"https:\/\/encuentroinformativo.com.mx\/index.php?rest_route=\/wp\/v2\/types\/post"}],"author":[{"embeddable":true,"href":"https:\/\/encuentroinformativo.com.mx\/index.php?rest_route=\/wp\/v2\/users\/2476"}],"replies":[{"embeddable":true,"href":"https:\/\/encuentroinformativo.com.mx\/index.php?rest_route=%2Fwp%2Fv2%2Fcomments&post=39802"}],"version-history":[{"count":1,"href":"https:\/\/encuentroinformativo.com.mx\/index.php?rest_route=\/wp\/v2\/posts\/39802\/revisions"}],"predecessor-version":[{"id":39804,"href":"https:\/\/encuentroinformativo.com.mx\/index.php?rest_route=\/wp\/v2\/posts\/39802\/revisions\/39804"}],"wp:featuredmedia":[{"embeddable":true,"href":"https:\/\/encuentroinformativo.com.mx\/index.php?rest_route=\/wp\/v2\/media\/39803"}],"wp:attachment":[{"href":"https:\/\/encuentroinformativo.com.mx\/index.php?rest_route=%2Fwp%2Fv2%2Fmedia&parent=39802"}],"wp:term":[{"taxonomy":"category","embeddable":true,"href":"https:\/\/encuentroinformativo.com.mx\/index.php?rest_route=%2Fwp%2Fv2%2Fcategories&post=39802"},{"taxonomy":"post_tag","embeddable":true,"href":"https:\/\/encuentroinformativo.com.mx\/index.php?rest_route=%2Fwp%2Fv2%2Ftags&post=39802"}],"curies":[{"name":"wp","href":"https:\/\/api.w.org\/{rel}","templated":true}]}}