{"id":39811,"date":"2023-04-26T14:32:44","date_gmt":"2023-04-26T20:32:44","guid":{"rendered":"https:\/\/encuentroinformativo.com.mx\/?p=39811"},"modified":"2023-04-26T14:32:48","modified_gmt":"2023-04-26T20:32:48","slug":"cuestiona-movimiento-ciudadano-buenas-calificaciones-en-deudas","status":"publish","type":"post","link":"https:\/\/encuentroinformativo.com.mx\/?p=39811","title":{"rendered":"Cuestiona Movimiento Ciudadano &#8216;buenas calificaciones&#8217; en deudas"},"content":{"rendered":"\n<p><strong>Dar\u00edo Pale <\/strong><\/p>\n\n\n\n<p>Xalapa, Ver.- El Gobernador de Veracruz Cuitl\u00e1huac usa la misma calificadora que us\u00f3 el exgobernador Javier Duarte, ademas reiter\u00f3 que el Ejecutivo no ha querido debatir, as\u00ed lo dio a conocer el dirigente estatal de Movimiento Ciudadano, Sergio Gil Rull\u00e1n.<\/p>\n\n\n\n<p>En conferencia de prensa ofrecida a un costado de palacio de gobierno, se\u00f1al\u00f3 que la misma calificadora que dio mejores calificaciones a la administraci\u00f3n de Cuitl\u00e1huac Garc\u00eda y que presumi\u00f3 este martes el titular de Finanzas, Jos\u00e9 Luis Lima; es la misma que usaba Javier Duarte.<\/p>\n\n\n\n<p>Hizo una comparaci\u00f3n de los datos que la misma administraci\u00f3n ha dado respecto de la deuda p\u00fablica y los que la calificadora <em>Fitch Ratings <\/em>tiene para definir que ahora tienen mejores calificaciones crediticias.<\/p>\n\n\n\n<p>&#8220;Dice que la deuda la baj\u00f3 en 13 mil millones, que est\u00e1 en 74 mil millones, pero resulta que no es as\u00ed. Lo que daba el portal de transparencia eran 40 mil millones, \u00e9l nos dijo que 45 mil, pero el informe de la calificadora son 44 mil y ya compuesta son 51 mil millones, entonces \u00bfqui\u00e9n miente?&#8221;, se\u00f1al\u00f3.<\/p>\n\n\n\n<p>Resalt\u00f3 que la calificadora defini\u00f3 que las inversiones del Gobierno sufrieron una reducci\u00f3n del 33 por ciento, adem\u00e1s hay subejercicios, lo que posiciona a Veracruz en el tercer lugar a nivel nacional por dichos subejercicios con 21 mil millones de pesos.<\/p>\n\n\n\n<p>Por todo ello, nombr\u00f3 al mandatario como: gobernaDuarteCuitl\u00e1huac porque usa a la misma calificadora que el exmandatario us\u00f3 justo cuando se demostr\u00f3 el desfalco y desv\u00edo de recursos.<\/p>\n\n\n\n<p>Recalc\u00f3 que Garc\u00eda Jim\u00e9nez no acepta el reto que \u00e9l mismo lanz\u00f3 a MC e insisti\u00f3 en que hubieran podido debatir de muchos temas.<\/p>\n\n\n\n<p>Finalmente aprovech\u00f3 para criticar la desaparici\u00f3n del INSABI que ahora pasar\u00e1 al IMSS -Bienestar, con todo lo que esa carga implica, como por ejemplo las 45 millones de recetas que no tuvieron para surtir.<\/p>\n","protected":false},"excerpt":{"rendered":"<p>Dar\u00edo Pale Xalapa, Ver.- El Gobernador de Veracruz Cuitl\u00e1huac usa la misma calificadora que us\u00f3 el exgobernador Javier Duarte, ademas reiter\u00f3 que el Ejecutivo no ha querido debatir, as\u00ed lo dio a conocer el dirigente estatal de Movimiento Ciudadano, Sergio Gil Rull\u00e1n. En conferencia de prensa ofrecida a un costado de palacio de gobierno, se\u00f1al\u00f3 [&hellip;]<\/p>\n","protected":false},"author":2476,"featured_media":39812,"comment_status":"open","ping_status":"open","sticky":false,"template":"","format":"standard","meta":{"_jetpack_memberships_contains_paid_content":false,"footnotes":""},"categories":[2],"tags":[],"class_list":["post-39811","post","type-post","status-publish","format-standard","has-post-thumbnail","hentry","category-estado"],"jetpack_featured_media_url":"https:\/\/encuentroinformativo.com.mx\/wp-content\/uploads\/2023\/04\/Photo_1682540892594.jpg","jetpack_sharing_enabled":true,"jetpack_likes_enabled":true,"amp_enabled":true,"_links":{"self":[{"href":"https:\/\/encuentroinformativo.com.mx\/index.php?rest_route=\/wp\/v2\/posts\/39811","targetHints":{"allow":["GET"]}}],"collection":[{"href":"https:\/\/encuentroinformativo.com.mx\/index.php?rest_route=\/wp\/v2\/posts"}],"about":[{"href":"https:\/\/encuentroinformativo.com.mx\/index.php?rest_route=\/wp\/v2\/types\/post"}],"author":[{"embeddable":true,"href":"https:\/\/encuentroinformativo.com.mx\/index.php?rest_route=\/wp\/v2\/users\/2476"}],"replies":[{"embeddable":true,"href":"https:\/\/encuentroinformativo.com.mx\/index.php?rest_route=%2Fwp%2Fv2%2Fcomments&post=39811"}],"version-history":[{"count":1,"href":"https:\/\/encuentroinformativo.com.mx\/index.php?rest_route=\/wp\/v2\/posts\/39811\/revisions"}],"predecessor-version":[{"id":39813,"href":"https:\/\/encuentroinformativo.com.mx\/index.php?rest_route=\/wp\/v2\/posts\/39811\/revisions\/39813"}],"wp:featuredmedia":[{"embeddable":true,"href":"https:\/\/encuentroinformativo.com.mx\/index.php?rest_route=\/wp\/v2\/media\/39812"}],"wp:attachment":[{"href":"https:\/\/encuentroinformativo.com.mx\/index.php?rest_route=%2Fwp%2Fv2%2Fmedia&parent=39811"}],"wp:term":[{"taxonomy":"category","embeddable":true,"href":"https:\/\/encuentroinformativo.com.mx\/index.php?rest_route=%2Fwp%2Fv2%2Fcategories&post=39811"},{"taxonomy":"post_tag","embeddable":true,"href":"https:\/\/encuentroinformativo.com.mx\/index.php?rest_route=%2Fwp%2Fv2%2Ftags&post=39811"}],"curies":[{"name":"wp","href":"https:\/\/api.w.org\/{rel}","templated":true}]}}