{"id":39814,"date":"2023-04-26T17:09:42","date_gmt":"2023-04-26T23:09:42","guid":{"rendered":"https:\/\/encuentroinformativo.com.mx\/?p=39814"},"modified":"2023-04-26T17:09:46","modified_gmt":"2023-04-26T23:09:46","slug":"con-jornada-de-bordado-buscan-visibilizar-problematica-de-mujeres","status":"publish","type":"post","link":"https:\/\/encuentroinformativo.com.mx\/?p=39814","title":{"rendered":"Con jornada de bordado, buscan visibilizar problem\u00e1tica de mujeres"},"content":{"rendered":"\n<p><strong>Dar\u00edo Pale <\/strong><\/p>\n\n\n\n<p>Xalapa, Ver.- Como cada mes este mi\u00e9rcoles realizaron una jornada de bordado, para visibilizar la problem\u00e1tica a la que se enfrentan las mujeres en Veracruz, por lo que un grupo de mujeres se congreg\u00f3 en la Plaza Lerdo para recordar y nombrar a las mujeres v\u00edctimas de feminicidio en el estado de Veracruz y exigir justicia.<\/p>\n\n\n\n<p>En una breve entrevista donde no proporcionaron sus generales se\u00f1alaron que, &#8220;es una iniciativa que estamos haciendo para nombrar a mujeres v\u00edctimas de feminicidio en el estado y estamos convocando aqu\u00ed a qui\u00e9n quiera venir a ayudar, a bordar y a recordar los nombres de un mont\u00f3n de mujeres que han sido asesinadas&#8221;.<\/p>\n\n\n\n<p>Record\u00f3 que el pasado s\u00e1bado 22 de abril, asesinaron a la enfermera del CECAN Yarazeth Zepeta Garc\u00eda en la colonia de Veracruz, por lo que es necesario seguir alzando la voz.<\/p>\n\n\n\n<p>&#8220;Estamos aqu\u00ed haciendo memoria y pidi\u00e9ndole a la gente, a la sociedad que no se olvide que nos est\u00e1n matando&#8221;, coment\u00f3.<\/p>\n\n\n\n<p>Se\u00f1al\u00f3 que la jornada de bordado se realiza cada mes y que se realiza en espacios p\u00fablicos para nombrar a las mujeres v\u00edctimas de violencia.<\/p>\n\n\n\n<p>&#8220;Lo estamos haciendo aqu\u00ed en la ciudad de Xalapa, pero se repite en muchos estados del pa\u00eds y a nivel internacional tambi\u00e9n&#8221;, acus\u00f3.<\/p>\n\n\n\n<p>Finalmente dieron a conocer que, este d\u00eda 26 de abril D\u00eda de la Visibilidad L\u00e9sbica, colocaron un letrero con la misma intenci\u00f3n de hacer un llamado hacia la construcci\u00f3n de sociedades m\u00e1s inclusivas y de respetar sus derechos humanos, sin discriminaci\u00f3n.<\/p>\n\n\n\n<figure class=\"wp-block-image size-large\"><img loading=\"lazy\" decoding=\"async\" width=\"1024\" height=\"682\" src=\"https:\/\/encuentroinformativo.com.mx\/wp-content\/uploads\/2023\/04\/IMG-20230426-WA0190-1024x682.jpg\" alt=\"\" class=\"wp-image-39816\" srcset=\"https:\/\/encuentroinformativo.com.mx\/wp-content\/uploads\/2023\/04\/IMG-20230426-WA0190-1024x682.jpg 1024w, https:\/\/encuentroinformativo.com.mx\/wp-content\/uploads\/2023\/04\/IMG-20230426-WA0190-300x200.jpg 300w, https:\/\/encuentroinformativo.com.mx\/wp-content\/uploads\/2023\/04\/IMG-20230426-WA0190-768x512.jpg 768w, https:\/\/encuentroinformativo.com.mx\/wp-content\/uploads\/2023\/04\/IMG-20230426-WA0190.jpg 1280w\" sizes=\"auto, (max-width: 1024px) 100vw, 1024px\" \/><\/figure>\n\n\n\n<figure class=\"wp-block-image size-large\"><img loading=\"lazy\" decoding=\"async\" width=\"1024\" height=\"682\" src=\"https:\/\/encuentroinformativo.com.mx\/wp-content\/uploads\/2023\/04\/IMG-20230426-WA0187-1024x682.jpg\" alt=\"\" class=\"wp-image-39817\" srcset=\"https:\/\/encuentroinformativo.com.mx\/wp-content\/uploads\/2023\/04\/IMG-20230426-WA0187-1024x682.jpg 1024w, https:\/\/encuentroinformativo.com.mx\/wp-content\/uploads\/2023\/04\/IMG-20230426-WA0187-300x200.jpg 300w, https:\/\/encuentroinformativo.com.mx\/wp-content\/uploads\/2023\/04\/IMG-20230426-WA0187-768x512.jpg 768w, https:\/\/encuentroinformativo.com.mx\/wp-content\/uploads\/2023\/04\/IMG-20230426-WA0187.jpg 1280w\" sizes=\"auto, (max-width: 1024px) 100vw, 1024px\" \/><\/figure>\n","protected":false},"excerpt":{"rendered":"<p>Dar\u00edo Pale Xalapa, Ver.- Como cada mes este mi\u00e9rcoles realizaron una jornada de bordado, para visibilizar la problem\u00e1tica a la que se enfrentan las mujeres en Veracruz, por lo que un grupo de mujeres se congreg\u00f3 en la Plaza Lerdo para recordar y nombrar a las mujeres v\u00edctimas de feminicidio en el estado de Veracruz [&hellip;]<\/p>\n","protected":false},"author":2476,"featured_media":39815,"comment_status":"open","ping_status":"open","sticky":false,"template":"","format":"standard","meta":{"_jetpack_memberships_contains_paid_content":false,"footnotes":""},"categories":[3],"tags":[],"class_list":["post-39814","post","type-post","status-publish","format-standard","has-post-thumbnail","hentry","category-xalapa"],"jetpack_featured_media_url":"https:\/\/encuentroinformativo.com.mx\/wp-content\/uploads\/2023\/04\/IMG-20230426-WA0184.jpg","jetpack_sharing_enabled":true,"jetpack_likes_enabled":true,"amp_enabled":true,"_links":{"self":[{"href":"https:\/\/encuentroinformativo.com.mx\/index.php?rest_route=\/wp\/v2\/posts\/39814","targetHints":{"allow":["GET"]}}],"collection":[{"href":"https:\/\/encuentroinformativo.com.mx\/index.php?rest_route=\/wp\/v2\/posts"}],"about":[{"href":"https:\/\/encuentroinformativo.com.mx\/index.php?rest_route=\/wp\/v2\/types\/post"}],"author":[{"embeddable":true,"href":"https:\/\/encuentroinformativo.com.mx\/index.php?rest_route=\/wp\/v2\/users\/2476"}],"replies":[{"embeddable":true,"href":"https:\/\/encuentroinformativo.com.mx\/index.php?rest_route=%2Fwp%2Fv2%2Fcomments&post=39814"}],"version-history":[{"count":1,"href":"https:\/\/encuentroinformativo.com.mx\/index.php?rest_route=\/wp\/v2\/posts\/39814\/revisions"}],"predecessor-version":[{"id":39818,"href":"https:\/\/encuentroinformativo.com.mx\/index.php?rest_route=\/wp\/v2\/posts\/39814\/revisions\/39818"}],"wp:featuredmedia":[{"embeddable":true,"href":"https:\/\/encuentroinformativo.com.mx\/index.php?rest_route=\/wp\/v2\/media\/39815"}],"wp:attachment":[{"href":"https:\/\/encuentroinformativo.com.mx\/index.php?rest_route=%2Fwp%2Fv2%2Fmedia&parent=39814"}],"wp:term":[{"taxonomy":"category","embeddable":true,"href":"https:\/\/encuentroinformativo.com.mx\/index.php?rest_route=%2Fwp%2Fv2%2Fcategories&post=39814"},{"taxonomy":"post_tag","embeddable":true,"href":"https:\/\/encuentroinformativo.com.mx\/index.php?rest_route=%2Fwp%2Fv2%2Ftags&post=39814"}],"curies":[{"name":"wp","href":"https:\/\/api.w.org\/{rel}","templated":true}]}}