{"id":39819,"date":"2023-04-26T17:42:35","date_gmt":"2023-04-26T23:42:35","guid":{"rendered":"https:\/\/encuentroinformativo.com.mx\/?p=39819"},"modified":"2023-04-26T17:42:39","modified_gmt":"2023-04-26T23:42:39","slug":"companeros-de-yara-demandan-avances-en-investigacion","status":"publish","type":"post","link":"https:\/\/encuentroinformativo.com.mx\/?p=39819","title":{"rendered":"Compa\u00f1eros de Yara, demandan avances en   investigaci\u00f3n"},"content":{"rendered":"\n<p><strong>Dar\u00edo Pale <\/strong><\/p>\n\n\n\n<p>Xalapa, Ver.- Personal del CECAN marcharon desde el nosocomio hasta la Plaza Lerdo ya que reclaman m\u00e1s avances en investigaci\u00f3n por feminicidio de Yaraseth Zepeta, as\u00ed lo dio a conocer una de sus compa\u00f1eras.<\/p>\n\n\n\n<p>En entrevista previo a la marcha Jacibe Corres se\u00f1al\u00f3 que, personal m\u00e9dico del Centro Estatal de Cancerolog\u00eda (CECAN) &#8220;Dr. Miguel Dorantes Mesa&#8221; march\u00f3 nuevamente desde este nosocomio ubicado en la calle Soconusco al centro de Xalapa para exigir justicia por el feminicidio de la enfermera de este hospital, Yaraseth Zepeta.<\/p>\n\n\n\n<p>A pesar de que la Fiscal\u00eda General del Estado (FGE), dio a conocer la captura de un presunto implicado en el robo y asesinato ocurridos el pasado s\u00e1bado en la colonia Veracruz de esta capital, los compa\u00f1eros de Yaraseth dijeron que quieren m\u00e1s informaci\u00f3n, ya que no debe de existir ninguna enfermera o mujer asesinada.<\/p>\n\n\n\n<p>&#8220;Que nos den una respuesta de qu\u00e9 avances ha habido y sobre todo, para que no haya ni una m\u00e1s, ninguna profesionista o persona con oficio que sea maltratada de esa manera&#8221;, se\u00f1al\u00f3 una de sus compa\u00f1eras de trabajo.<\/p>\n\n\n\n<p>Manifest\u00f3 que la protesta era tambi\u00e9n para exigir avances a la Fiscal\u00eda General del Estado que este martes por la noche inform\u00f3 sobre la detenci\u00f3n de Mauro Armando &#8220;N&#8221; por estar presuntamente involucrado en el feminicidio ocurrido el s\u00e1bado por la madrugada.<\/p>\n\n\n\n<p>&#8220;Cada vez estamos peor creo, seguramente no es la \u00faltima, seguramente va a haber m\u00e1s, pedimos seguridad para todos.<\/p>\n\n\n\n<p>Esta ciudad se ha vuelto muy peligrosa ya y bueno, simplemente el salir de noche, las que salimos del turno nocturno, tambi\u00e9n (exigen) seguridad para todos&#8221;, abund\u00f3.<\/p>\n\n\n\n<p>La enfermera record\u00f3 que Yaraseth pasaba mucho tiempo en el CECAN, era una mujer &#8220;excepcional&#8221;, muy trabajadora, que hac\u00eda guardias extras porque era sumamente inteligente.<\/p>\n\n\n\n<p>Finalmente Jacibe\u00a0Cort\u00e9s dijo que no ten\u00eda conocimiento de que ella hubiera sido v\u00edctima de robo en otras dos ocasiones, ella no sab\u00eda nada al respecto.<\/p>\n\n\n\n<figure class=\"wp-block-image size-large\"><img loading=\"lazy\" decoding=\"async\" width=\"1024\" height=\"683\" src=\"https:\/\/encuentroinformativo.com.mx\/wp-content\/uploads\/2023\/04\/Photo_1682552107764-1024x683.jpg\" alt=\"\" class=\"wp-image-39821\" srcset=\"https:\/\/encuentroinformativo.com.mx\/wp-content\/uploads\/2023\/04\/Photo_1682552107764-1024x683.jpg 1024w, https:\/\/encuentroinformativo.com.mx\/wp-content\/uploads\/2023\/04\/Photo_1682552107764-300x200.jpg 300w, https:\/\/encuentroinformativo.com.mx\/wp-content\/uploads\/2023\/04\/Photo_1682552107764-768x512.jpg 768w, https:\/\/encuentroinformativo.com.mx\/wp-content\/uploads\/2023\/04\/Photo_1682552107764-1536x1024.jpg 1536w, https:\/\/encuentroinformativo.com.mx\/wp-content\/uploads\/2023\/04\/Photo_1682552107764.jpg 1968w\" sizes=\"auto, (max-width: 1024px) 100vw, 1024px\" \/><\/figure>\n\n\n\n<figure class=\"wp-block-image size-large\"><img loading=\"lazy\" decoding=\"async\" width=\"1024\" height=\"683\" src=\"https:\/\/encuentroinformativo.com.mx\/wp-content\/uploads\/2023\/04\/Photo_1682552131130-1024x683.jpg\" alt=\"\" class=\"wp-image-39822\" srcset=\"https:\/\/encuentroinformativo.com.mx\/wp-content\/uploads\/2023\/04\/Photo_1682552131130-1024x683.jpg 1024w, https:\/\/encuentroinformativo.com.mx\/wp-content\/uploads\/2023\/04\/Photo_1682552131130-300x200.jpg 300w, https:\/\/encuentroinformativo.com.mx\/wp-content\/uploads\/2023\/04\/Photo_1682552131130-768x512.jpg 768w, https:\/\/encuentroinformativo.com.mx\/wp-content\/uploads\/2023\/04\/Photo_1682552131130-1536x1024.jpg 1536w, https:\/\/encuentroinformativo.com.mx\/wp-content\/uploads\/2023\/04\/Photo_1682552131130.jpg 1968w\" sizes=\"auto, (max-width: 1024px) 100vw, 1024px\" \/><\/figure>\n","protected":false},"excerpt":{"rendered":"<p>Dar\u00edo Pale Xalapa, Ver.- Personal del CECAN marcharon desde el nosocomio hasta la Plaza Lerdo ya que reclaman m\u00e1s avances en investigaci\u00f3n por feminicidio de Yaraseth Zepeta, as\u00ed lo dio a conocer una de sus compa\u00f1eras. En entrevista previo a la marcha Jacibe Corres se\u00f1al\u00f3 que, personal m\u00e9dico del Centro Estatal de Cancerolog\u00eda (CECAN) &#8220;Dr. [&hellip;]<\/p>\n","protected":false},"author":2476,"featured_media":39820,"comment_status":"open","ping_status":"open","sticky":false,"template":"","format":"standard","meta":{"_jetpack_memberships_contains_paid_content":false,"footnotes":""},"categories":[9],"tags":[],"class_list":["post-39819","post","type-post","status-publish","format-standard","has-post-thumbnail","hentry","category-salud"],"jetpack_featured_media_url":"https:\/\/encuentroinformativo.com.mx\/wp-content\/uploads\/2023\/04\/Photo_1682552158102.jpg","jetpack_sharing_enabled":true,"jetpack_likes_enabled":true,"amp_enabled":true,"_links":{"self":[{"href":"https:\/\/encuentroinformativo.com.mx\/index.php?rest_route=\/wp\/v2\/posts\/39819","targetHints":{"allow":["GET"]}}],"collection":[{"href":"https:\/\/encuentroinformativo.com.mx\/index.php?rest_route=\/wp\/v2\/posts"}],"about":[{"href":"https:\/\/encuentroinformativo.com.mx\/index.php?rest_route=\/wp\/v2\/types\/post"}],"author":[{"embeddable":true,"href":"https:\/\/encuentroinformativo.com.mx\/index.php?rest_route=\/wp\/v2\/users\/2476"}],"replies":[{"embeddable":true,"href":"https:\/\/encuentroinformativo.com.mx\/index.php?rest_route=%2Fwp%2Fv2%2Fcomments&post=39819"}],"version-history":[{"count":1,"href":"https:\/\/encuentroinformativo.com.mx\/index.php?rest_route=\/wp\/v2\/posts\/39819\/revisions"}],"predecessor-version":[{"id":39823,"href":"https:\/\/encuentroinformativo.com.mx\/index.php?rest_route=\/wp\/v2\/posts\/39819\/revisions\/39823"}],"wp:featuredmedia":[{"embeddable":true,"href":"https:\/\/encuentroinformativo.com.mx\/index.php?rest_route=\/wp\/v2\/media\/39820"}],"wp:attachment":[{"href":"https:\/\/encuentroinformativo.com.mx\/index.php?rest_route=%2Fwp%2Fv2%2Fmedia&parent=39819"}],"wp:term":[{"taxonomy":"category","embeddable":true,"href":"https:\/\/encuentroinformativo.com.mx\/index.php?rest_route=%2Fwp%2Fv2%2Fcategories&post=39819"},{"taxonomy":"post_tag","embeddable":true,"href":"https:\/\/encuentroinformativo.com.mx\/index.php?rest_route=%2Fwp%2Fv2%2Ftags&post=39819"}],"curies":[{"name":"wp","href":"https:\/\/api.w.org\/{rel}","templated":true}]}}