{"id":3983,"date":"2020-07-09T15:16:30","date_gmt":"2020-07-09T20:16:30","guid":{"rendered":"https:\/\/encuentroinformativo.com\/?p=3983"},"modified":"2020-07-09T15:16:33","modified_gmt":"2020-07-09T20:16:33","slug":"bomberos-de-coatepec-atienden-fallecimiento-por-covid","status":"publish","type":"post","link":"https:\/\/encuentroinformativo.com.mx\/?p=3983","title":{"rendered":"Bomberos de Coatepec, atienden fallecimiento por Covid"},"content":{"rendered":"\n<p><strong>Juan Arcos <\/strong><\/p>\n\n\n\n<p>Xalapa, Ver.- Bomberos de Coatepec atendieron el fallecimiento de una persona que hab\u00eda presentado s\u00edntomas de COVID-19.<\/p>\n\n\n\n<p>Los hechos ocurrieron la ma\u00f1ana de este jueves en el Pueblo M\u00e1gico, ubicado a diez kil\u00f3metros de la capital veracruzana.<\/p>\n\n\n\n<p>El Cuerpo de Bomberos de Coatepec dio a conocer lo sucedido, mediante su cuenta oficial de <em>Facebook<\/em>.<\/p>\n\n\n\n<p>\u201cAmaneciendo y empezando el d\u00eda con persona con s\u00edntomas de Covid.<\/p>\n\n\n\n<p>Lamentablemente falleci\u00f3 en su domicilio, despu\u00e9s sanitizarse y a lo que sigue, por eso le pedimos que utilicen el cubrebocas y salgan s\u00f3lo si es necesario, cu\u00eddense que cada d\u00eda se complica m\u00e1s\u201d, se lee en la publicaci\u00f3n.<\/p>\n\n\n\n<p>El presidente municipal Luis Enrique Fern\u00e1ndez Peredo ha externado su preocupaci\u00f3n tras el desacato de las medidas sanitarias por parte de la poblaci\u00f3n coatepecana. El edil ha insistido en el uso obligatorio de cubrebocas o protecci\u00f3n facial y, sobre todo, en que las familias permanezcan en sus casas el mayor tiempo posible.<\/p>\n\n\n\n<p>Hasta este jueves, la Secretar\u00eda de Salud de Veracruz reporta 67 casos confirmados en Coatepec, de los cuales ocho son activos, es decir, que representan un riesgo de contagio.\u00a0<br>Adem\u00e1s, 16 casos contin\u00faan en investigaci\u00f3n y se han contabilizado 12 defunciones por COVID-19.<\/p>\n\n\n\n<p>Hasta el momento, ninguna autoridad se ha pronunciado sobre el fallecimiento de la persona, con s\u00edntomas de esta enfermedad, que fue atendida por los bomberos.<\/p>\n\n\n\n<p><\/p>\n","protected":false},"excerpt":{"rendered":"<p>Juan Arcos Xalapa, Ver.- Bomberos de Coatepec atendieron el fallecimiento de una persona que hab\u00eda presentado s\u00edntomas de COVID-19. Los hechos ocurrieron la ma\u00f1ana de este jueves en el Pueblo M\u00e1gico, ubicado a diez kil\u00f3metros de la capital veracruzana. El Cuerpo de Bomberos de Coatepec dio a conocer lo sucedido, mediante su cuenta oficial de [&hellip;]<\/p>\n","protected":false},"author":1,"featured_media":3984,"comment_status":"open","ping_status":"open","sticky":false,"template":"","format":"standard","meta":{"_jetpack_memberships_contains_paid_content":false,"footnotes":""},"categories":[9],"tags":[],"class_list":["post-3983","post","type-post","status-publish","format-standard","has-post-thumbnail","hentry","category-salud"],"jetpack_featured_media_url":"https:\/\/encuentroinformativo.com.mx\/wp-content\/uploads\/2020\/07\/DF72A396-2C76-4B52-818C-D5D48CBD28BA.jpeg","jetpack_sharing_enabled":true,"jetpack_likes_enabled":true,"amp_enabled":true,"_links":{"self":[{"href":"https:\/\/encuentroinformativo.com.mx\/index.php?rest_route=\/wp\/v2\/posts\/3983","targetHints":{"allow":["GET"]}}],"collection":[{"href":"https:\/\/encuentroinformativo.com.mx\/index.php?rest_route=\/wp\/v2\/posts"}],"about":[{"href":"https:\/\/encuentroinformativo.com.mx\/index.php?rest_route=\/wp\/v2\/types\/post"}],"author":[{"embeddable":true,"href":"https:\/\/encuentroinformativo.com.mx\/index.php?rest_route=\/wp\/v2\/users\/1"}],"replies":[{"embeddable":true,"href":"https:\/\/encuentroinformativo.com.mx\/index.php?rest_route=%2Fwp%2Fv2%2Fcomments&post=3983"}],"version-history":[{"count":1,"href":"https:\/\/encuentroinformativo.com.mx\/index.php?rest_route=\/wp\/v2\/posts\/3983\/revisions"}],"predecessor-version":[{"id":3985,"href":"https:\/\/encuentroinformativo.com.mx\/index.php?rest_route=\/wp\/v2\/posts\/3983\/revisions\/3985"}],"wp:featuredmedia":[{"embeddable":true,"href":"https:\/\/encuentroinformativo.com.mx\/index.php?rest_route=\/wp\/v2\/media\/3984"}],"wp:attachment":[{"href":"https:\/\/encuentroinformativo.com.mx\/index.php?rest_route=%2Fwp%2Fv2%2Fmedia&parent=3983"}],"wp:term":[{"taxonomy":"category","embeddable":true,"href":"https:\/\/encuentroinformativo.com.mx\/index.php?rest_route=%2Fwp%2Fv2%2Fcategories&post=3983"},{"taxonomy":"post_tag","embeddable":true,"href":"https:\/\/encuentroinformativo.com.mx\/index.php?rest_route=%2Fwp%2Fv2%2Ftags&post=3983"}],"curies":[{"name":"wp","href":"https:\/\/api.w.org\/{rel}","templated":true}]}}