{"id":39836,"date":"2023-04-27T09:42:50","date_gmt":"2023-04-27T15:42:50","guid":{"rendered":"https:\/\/encuentroinformativo.com.mx\/?p=39836"},"modified":"2023-04-27T09:42:55","modified_gmt":"2023-04-27T15:42:55","slug":"por-las-curules","status":"publish","type":"post","link":"https:\/\/encuentroinformativo.com.mx\/?p=39836","title":{"rendered":"\u00a1POR LAS CURULES!"},"content":{"rendered":"\n<p><strong>Los Pol\u00edticos<\/strong><\/p>\n\n\n\n<p><strong>Salvador Mu\u00f1oz<\/strong><\/p>\n\n\n\n<p>El 2024 no s\u00f3lo ser\u00e1 escenario de la guerra por la Gubernatura en Veracruz y la presidencia de la Rep\u00fablica, sino que tambi\u00e9n en unos casos servir\u00e1 para que algunos presidentes municipales busquen brincar al Palacio de Encanto o a San L\u00e1zaro, en pos de una curul y en otros casos, para que algunos diputados federales, busquen la reelecci\u00f3n siendo \u00e9sta, la antesala de su posible postulaci\u00f3n por la alcald\u00eda, dependiendo del resultado.<\/p>\n\n\n\n<p>Hasta donde tengo enterado, uno de los que citan fuertemente para buscar una curul es el presidente municipal de Emiliano Zapata, quien ha hecho todo lo posible por llevar una administraci\u00f3n atenta, amable; s\u00ed, quiz\u00e1s por all\u00ed con algunos yerros como el conflicto con comunidades por el agua con-cedida a una empresa para unidad habitacional o por el mismo hecho de que para cualquier evento, Erick Ruiz quiera ser el ajonjol\u00ed de todos los moles; digo, esto \u00faltimo al final se vale, y no se trata de protagonismo, sino que es parte del proyecto pol\u00edtico que aparentemente tiene el edil que quiere escalar m\u00e1s cargos.<\/p>\n\n\n\n<p>Claro, habr\u00e1 que ver qu\u00e9 opina el diputado To\u00f1o Luna porque ahora que la Constituci\u00f3n lo permite, hay la reelecci\u00f3n, a menos que el actual legislador pretenda que Erick Ruiz le pase la estafeta.<\/p>\n\n\n\n<p>Ya que citamos el Congreso local de Veracruz, tampoco ha de extra\u00f1ar que algunos legisladores prueben fortuna por las presidencias municipales o como dijimos en l\u00edneas anteriores, intenten repetir en el cargo. Por ejemplo, en el caso de Morena y Xalapa, est\u00e1n Rosalinda Galindo y Ana Miriam Ferr\u00e1ez\u2026 \u00bfse atrever\u00e1 alguna de ellas a reelegirse para en el 2025, si acaso ganan, buscar la presidencia municipal de Xalapa? Ana Miriam ya lo intent\u00f3 alguna vez\u2026 aunque fue por el PRD\u2026<\/p>\n\n\n\n<p>\u00bfY qu\u00e9 decir de Fernando Arteaga Aponte? Pensando en positivo: Su reelecci\u00f3n como diputado local le abrir\u00eda la puerta para alzar la mano por la candidatura a la presidencia municipal porte\u00f1a\u2026 aunque\u2026<\/p>\n\n\n\n<p>Casi en el mismo sentido est\u00e1 el caso de la diputada federal Rosa Mar\u00eda Hern\u00e1ndez Espejo\u2026 salvo por un ligero detalle que a\u00fan no logro entender.<\/p>\n\n\n\n<p>De acuerdo a la nueva redistritaci\u00f3n que se hizo hace poco, donde Veracruz perdi\u00f3 un distrito para quedar en 19, dentro de esos ajustes, desapareci\u00f3 el distrito 4, que la legisladora federal representa hasta el 2024, pero en caso de querer reelegirse, \u00bflo tendr\u00eda que hacer por el 1, que es el que queda y que en este momento encabeza Maryjose Gamboa?<\/p>\n\n\n\n<p>No s\u00e9 Maryjose, pero a poco no se antoja un encuentro PAN vs Morena encabezados por la Gamboa y Hern\u00e1ndez Espejo?<\/p>\n\n\n\n<p>Lo que sea, pero un potencial triunfo de Morena en este distrito abrir\u00eda con m\u00e1s amplitud la posibilidad de que la candidatura para el 2025 fuera para Rosa Mar\u00eda\u2026<\/p>\n\n\n\n<p>Vamos, ser\u00eda tonto evitar el pensamiento de Morena sobre la zona conurbada\u2026 es la joya de la corona, y en el 2024 ir\u00e1n con todo con tal de ir minando el poder azul que reina por toda la costera\u2026 aunque claro, ojo, porque si nuevamente el PAN resiste la embestida, independientemente del resultado a nivel estatal y nacional, se podr\u00eda estar hablando que en el Puerto se estar\u00eda gestando desde ese momento, la derrota de Morena m\u00e1s pronto que tarde\u2026<\/p>\n","protected":false},"excerpt":{"rendered":"<p>Los Pol\u00edticos Salvador Mu\u00f1oz El 2024 no s\u00f3lo ser\u00e1 escenario de la guerra por la Gubernatura en Veracruz y la presidencia de la Rep\u00fablica, sino que tambi\u00e9n en unos casos servir\u00e1 para que algunos presidentes municipales busquen brincar al Palacio de Encanto o a San L\u00e1zaro, en pos de una curul y en otros casos, [&hellip;]<\/p>\n","protected":false},"author":2476,"featured_media":387,"comment_status":"open","ping_status":"open","sticky":false,"template":"","format":"standard","meta":{"_jetpack_memberships_contains_paid_content":false,"footnotes":""},"categories":[11],"tags":[],"class_list":["post-39836","post","type-post","status-publish","format-standard","has-post-thumbnail","hentry","category-opinion"],"jetpack_featured_media_url":"https:\/\/encuentroinformativo.com.mx\/wp-content\/uploads\/2020\/03\/7CF8A22B-2764-47BE-8F7F-38FE9E5D6A2F.jpeg","jetpack_sharing_enabled":true,"jetpack_likes_enabled":true,"amp_enabled":true,"_links":{"self":[{"href":"https:\/\/encuentroinformativo.com.mx\/index.php?rest_route=\/wp\/v2\/posts\/39836","targetHints":{"allow":["GET"]}}],"collection":[{"href":"https:\/\/encuentroinformativo.com.mx\/index.php?rest_route=\/wp\/v2\/posts"}],"about":[{"href":"https:\/\/encuentroinformativo.com.mx\/index.php?rest_route=\/wp\/v2\/types\/post"}],"author":[{"embeddable":true,"href":"https:\/\/encuentroinformativo.com.mx\/index.php?rest_route=\/wp\/v2\/users\/2476"}],"replies":[{"embeddable":true,"href":"https:\/\/encuentroinformativo.com.mx\/index.php?rest_route=%2Fwp%2Fv2%2Fcomments&post=39836"}],"version-history":[{"count":1,"href":"https:\/\/encuentroinformativo.com.mx\/index.php?rest_route=\/wp\/v2\/posts\/39836\/revisions"}],"predecessor-version":[{"id":39837,"href":"https:\/\/encuentroinformativo.com.mx\/index.php?rest_route=\/wp\/v2\/posts\/39836\/revisions\/39837"}],"wp:featuredmedia":[{"embeddable":true,"href":"https:\/\/encuentroinformativo.com.mx\/index.php?rest_route=\/wp\/v2\/media\/387"}],"wp:attachment":[{"href":"https:\/\/encuentroinformativo.com.mx\/index.php?rest_route=%2Fwp%2Fv2%2Fmedia&parent=39836"}],"wp:term":[{"taxonomy":"category","embeddable":true,"href":"https:\/\/encuentroinformativo.com.mx\/index.php?rest_route=%2Fwp%2Fv2%2Fcategories&post=39836"},{"taxonomy":"post_tag","embeddable":true,"href":"https:\/\/encuentroinformativo.com.mx\/index.php?rest_route=%2Fwp%2Fv2%2Ftags&post=39836"}],"curies":[{"name":"wp","href":"https:\/\/api.w.org\/{rel}","templated":true}]}}