{"id":39863,"date":"2023-04-27T15:56:47","date_gmt":"2023-04-27T21:56:47","guid":{"rendered":"https:\/\/encuentroinformativo.com.mx\/?p=39863"},"modified":"2023-04-27T15:56:52","modified_gmt":"2023-04-27T21:56:52","slug":"invitan-imidi-y-fundacion-uv-a-concierto-con-causa","status":"publish","type":"post","link":"https:\/\/encuentroinformativo.com.mx\/?p=39863","title":{"rendered":"Invitan IMIDI y Fundaci\u00f3n UV a concierto con causa"},"content":{"rendered":"\n<p><strong>Dar\u00edo Pale <\/strong><\/p>\n\n\n\n<p>Xalapa, Ver.- El pr\u00f3ximo s\u00e1bado 6 de mayo el tenor Armando Mora y la Orquesta Universitaria de M\u00fasica Popular de la Universidad Veracruzana (UV) realizar\u00e1n el concierto \u201cUn viaje musical alrededor del mundo\u201d en la sala de conciertos de Tlaqn\u00e1, Centro Cultural.\u00a0<\/p>\n\n\n\n<p>Lo anterior es con la finalidad de atender a los grupos vulnerables, en apoyo al derecho a la alimentaci\u00f3n de los estudiantes y con el objetivo de lograr la colocaci\u00f3n en el \u00e1rea laboral de dos chicas con s\u00edndrome de Down, este concierto con causa es organizado por el Voluntariado de la UV, el Instituto Mexicano de Investigaci\u00f3n y Desarrollo Integral (IMIDI) y la Fundaci\u00f3n UV.\u00a0<\/p>\n\n\n\n<p>En conferencia de prensa Karina Mart\u00ednez Vera, presidenta de IMIDI, destac\u00f3 que con los recursos que se obtengan del concierto se podr\u00e1 contratar por un a\u00f1o a dos mujeres con s\u00edndrome de Down, aplicando todas las prestaciones de ley correspondientes.<\/p>\n\n\n\n<p>\u201cTodos tenemos el derecho a un trabajo digno, pero para las personas con s\u00edndrome de Down no han tenido esta oportunidad, se busca abrir oportunidades, esperamos que a partir de ello se abra el panorama en las diferentes \u00e1reas\u201d, se\u00f1al\u00f3.<\/p>\n\n\n\n<p>Mencion\u00f3 que los reportes que se tienen es que las personas con este s\u00edndrome est\u00e1n en la b\u00fasqueda de oportunidades, por lo que, coment\u00f3, este tipo de actividades sirven para que los empresarios puedan brindar oportunidades a personas que integran este sector.<\/p>\n\n\n\n<p>Adem\u00e1s de que otra parte de los fondos recaudados se destinar\u00e1n a fortalecer la labor de los comedores universitarios ubicados en las Unidades de Humanidades y de Ingenier\u00edas del campus Xalapa.<\/p>\n\n\n\n<p>En el concierto se presentar\u00e1n temas de Espa\u00f1a, Francia y M\u00e9xico en \u00f3pera y bolero, adem\u00e1s de que en la apertura del mismo se contar\u00e1 con la presencia de Andr\u00e9s, un baterista con s\u00edndrome de Down, quien interpretar\u00e1 dos canciones.<\/p>\n\n\n\n<p>Al respecto, Facundo Pacheco Rojas, director general de la Fundaci\u00f3n UV, indic\u00f3 que se requiere una mayor atenci\u00f3n a los grupos vulnerables y a los universitarios que tienen dificultades econ\u00f3micas para poder cubrir el pago de sus alimentos.<\/p>\n\n\n\n<p>Refiri\u00f3 que la funci\u00f3n de los comedores universitarios es importante, ya que, adem\u00e1s de brindar alimentos nutritivos, \u00e9stos tienen un costo accesible para los estudiantes.Mencion\u00f3 que se tiene contemplada la instalaci\u00f3n de un tercer comedor en la Unidad de Artes.<\/p>\n\n\n\n<p>Destac\u00f3 que parte de lo recaudado ser\u00e1 para apoyar en la contrataci\u00f3n de dos personas con s\u00edndrome de Down por parte del IMIDI, atendiendo a su vez la inserci\u00f3n laboral de personas en situaci\u00f3n de discapacidad.\u00a0<\/p>\n\n\n\n<p>Finalmente se\u00f1alaron que los boletos se pueden adquirir en l\u00ednea en el sitio:\u00a0<a rel=\"noreferrer noopener\" href=\"https:\/\/empresasuv.comprarboletos.com\/musica\/un-viaje-musical-alrededor-del-mundo-10\" target=\"_blank\">https:\/\/empresasuv.comprarboletos.com\/musica\/un-viaje-musical-alrededor-del-mundo-10<\/a><\/p>\n","protected":false},"excerpt":{"rendered":"<p>Dar\u00edo Pale Xalapa, Ver.- El pr\u00f3ximo s\u00e1bado 6 de mayo el tenor Armando Mora y la Orquesta Universitaria de M\u00fasica Popular de la Universidad Veracruzana (UV) realizar\u00e1n el concierto \u201cUn viaje musical alrededor del mundo\u201d en la sala de conciertos de Tlaqn\u00e1, Centro Cultural.\u00a0 Lo anterior es con la finalidad de atender a los grupos [&hellip;]<\/p>\n","protected":false},"author":2476,"featured_media":39864,"comment_status":"open","ping_status":"open","sticky":false,"template":"","format":"standard","meta":{"_jetpack_memberships_contains_paid_content":false,"footnotes":""},"categories":[3],"tags":[],"class_list":["post-39863","post","type-post","status-publish","format-standard","has-post-thumbnail","hentry","category-xalapa"],"jetpack_featured_media_url":"https:\/\/encuentroinformativo.com.mx\/wp-content\/uploads\/2023\/04\/IMG-20230427-WA0082.jpg","jetpack_sharing_enabled":true,"jetpack_likes_enabled":true,"amp_enabled":true,"_links":{"self":[{"href":"https:\/\/encuentroinformativo.com.mx\/index.php?rest_route=\/wp\/v2\/posts\/39863","targetHints":{"allow":["GET"]}}],"collection":[{"href":"https:\/\/encuentroinformativo.com.mx\/index.php?rest_route=\/wp\/v2\/posts"}],"about":[{"href":"https:\/\/encuentroinformativo.com.mx\/index.php?rest_route=\/wp\/v2\/types\/post"}],"author":[{"embeddable":true,"href":"https:\/\/encuentroinformativo.com.mx\/index.php?rest_route=\/wp\/v2\/users\/2476"}],"replies":[{"embeddable":true,"href":"https:\/\/encuentroinformativo.com.mx\/index.php?rest_route=%2Fwp%2Fv2%2Fcomments&post=39863"}],"version-history":[{"count":1,"href":"https:\/\/encuentroinformativo.com.mx\/index.php?rest_route=\/wp\/v2\/posts\/39863\/revisions"}],"predecessor-version":[{"id":39865,"href":"https:\/\/encuentroinformativo.com.mx\/index.php?rest_route=\/wp\/v2\/posts\/39863\/revisions\/39865"}],"wp:featuredmedia":[{"embeddable":true,"href":"https:\/\/encuentroinformativo.com.mx\/index.php?rest_route=\/wp\/v2\/media\/39864"}],"wp:attachment":[{"href":"https:\/\/encuentroinformativo.com.mx\/index.php?rest_route=%2Fwp%2Fv2%2Fmedia&parent=39863"}],"wp:term":[{"taxonomy":"category","embeddable":true,"href":"https:\/\/encuentroinformativo.com.mx\/index.php?rest_route=%2Fwp%2Fv2%2Fcategories&post=39863"},{"taxonomy":"post_tag","embeddable":true,"href":"https:\/\/encuentroinformativo.com.mx\/index.php?rest_route=%2Fwp%2Fv2%2Ftags&post=39863"}],"curies":[{"name":"wp","href":"https:\/\/api.w.org\/{rel}","templated":true}]}}