{"id":39870,"date":"2023-04-27T16:10:44","date_gmt":"2023-04-27T22:10:44","guid":{"rendered":"https:\/\/encuentroinformativo.com.mx\/?p=39870"},"modified":"2023-04-27T16:10:48","modified_gmt":"2023-04-27T22:10:48","slug":"condena-barzon-extincion-de-financiera-rural","status":"publish","type":"post","link":"https:\/\/encuentroinformativo.com.mx\/?p=39870","title":{"rendered":"Condena Barz\u00f3n extinci\u00f3n de Financiera Rural"},"content":{"rendered":"\n<p>Xalapa, Ver.- Teresa Carbajal representante del Barz\u00f3n de Resistencia Civil de Veracruz A.C., lament\u00f3 la aprobaci\u00f3n de la iniciativa en la C\u00e1mara de Diputados para la extinci\u00f3n de la Financiera Rural.<\/p>\n\n\n\n<p>En conferencia de prensa aseguraron que esto traer\u00e1 consigo diversos problemas para el campo debido a la cartera vencida la cual es de 8 mil millones de pesos con un padr\u00f3n de 16 millones de campesinos de todo el pa\u00eds.<\/p>\n\n\n\n<figure class=\"wp-block-image size-large\"><img loading=\"lazy\" decoding=\"async\" width=\"1024\" height=\"683\" src=\"https:\/\/encuentroinformativo.com.mx\/wp-content\/uploads\/2023\/04\/Photo_1682633219026-1024x683.jpg\" alt=\"\" class=\"wp-image-39872\" srcset=\"https:\/\/encuentroinformativo.com.mx\/wp-content\/uploads\/2023\/04\/Photo_1682633219026-1024x683.jpg 1024w, https:\/\/encuentroinformativo.com.mx\/wp-content\/uploads\/2023\/04\/Photo_1682633219026-300x200.jpg 300w, https:\/\/encuentroinformativo.com.mx\/wp-content\/uploads\/2023\/04\/Photo_1682633219026-768x512.jpg 768w, https:\/\/encuentroinformativo.com.mx\/wp-content\/uploads\/2023\/04\/Photo_1682633219026-1536x1024.jpg 1536w, https:\/\/encuentroinformativo.com.mx\/wp-content\/uploads\/2023\/04\/Photo_1682633219026.jpg 1968w\" sizes=\"auto, (max-width: 1024px) 100vw, 1024px\" \/><\/figure>\n","protected":false},"excerpt":{"rendered":"<p>Xalapa, Ver.- Teresa Carbajal representante del Barz\u00f3n de Resistencia Civil de Veracruz A.C., lament\u00f3 la aprobaci\u00f3n de la iniciativa en la C\u00e1mara de Diputados para la extinci\u00f3n de la Financiera Rural. En conferencia de prensa aseguraron que esto traer\u00e1 consigo diversos problemas para el campo debido a la cartera vencida la cual es de 8 [&hellip;]<\/p>\n","protected":false},"author":2476,"featured_media":39871,"comment_status":"open","ping_status":"open","sticky":false,"template":"","format":"standard","meta":{"_jetpack_memberships_contains_paid_content":false,"footnotes":""},"categories":[2,12],"tags":[],"class_list":["post-39870","post","type-post","status-publish","format-standard","has-post-thumbnail","hentry","category-estado","category-nacional"],"jetpack_featured_media_url":"https:\/\/encuentroinformativo.com.mx\/wp-content\/uploads\/2023\/04\/Photo_1682633249244.jpg","jetpack_sharing_enabled":true,"jetpack_likes_enabled":true,"amp_enabled":true,"_links":{"self":[{"href":"https:\/\/encuentroinformativo.com.mx\/index.php?rest_route=\/wp\/v2\/posts\/39870","targetHints":{"allow":["GET"]}}],"collection":[{"href":"https:\/\/encuentroinformativo.com.mx\/index.php?rest_route=\/wp\/v2\/posts"}],"about":[{"href":"https:\/\/encuentroinformativo.com.mx\/index.php?rest_route=\/wp\/v2\/types\/post"}],"author":[{"embeddable":true,"href":"https:\/\/encuentroinformativo.com.mx\/index.php?rest_route=\/wp\/v2\/users\/2476"}],"replies":[{"embeddable":true,"href":"https:\/\/encuentroinformativo.com.mx\/index.php?rest_route=%2Fwp%2Fv2%2Fcomments&post=39870"}],"version-history":[{"count":1,"href":"https:\/\/encuentroinformativo.com.mx\/index.php?rest_route=\/wp\/v2\/posts\/39870\/revisions"}],"predecessor-version":[{"id":39873,"href":"https:\/\/encuentroinformativo.com.mx\/index.php?rest_route=\/wp\/v2\/posts\/39870\/revisions\/39873"}],"wp:featuredmedia":[{"embeddable":true,"href":"https:\/\/encuentroinformativo.com.mx\/index.php?rest_route=\/wp\/v2\/media\/39871"}],"wp:attachment":[{"href":"https:\/\/encuentroinformativo.com.mx\/index.php?rest_route=%2Fwp%2Fv2%2Fmedia&parent=39870"}],"wp:term":[{"taxonomy":"category","embeddable":true,"href":"https:\/\/encuentroinformativo.com.mx\/index.php?rest_route=%2Fwp%2Fv2%2Fcategories&post=39870"},{"taxonomy":"post_tag","embeddable":true,"href":"https:\/\/encuentroinformativo.com.mx\/index.php?rest_route=%2Fwp%2Fv2%2Ftags&post=39870"}],"curies":[{"name":"wp","href":"https:\/\/api.w.org\/{rel}","templated":true}]}}