{"id":39874,"date":"2023-04-27T16:18:14","date_gmt":"2023-04-27T22:18:14","guid":{"rendered":"https:\/\/encuentroinformativo.com.mx\/?p=39874"},"modified":"2023-04-27T16:18:18","modified_gmt":"2023-04-27T22:18:18","slug":"no-se-investiga-a-alcalde-de-medellin-por-desaparicion-de-hermano-de-diputado-gobernador","status":"publish","type":"post","link":"https:\/\/encuentroinformativo.com.mx\/?p=39874","title":{"rendered":"No se investiga a alcalde de Medell\u00edn por desaparici\u00f3n de hermano de diputado: Gobernador"},"content":{"rendered":"\n<p><strong>Dar\u00edo Pale <\/strong><\/p>\n\n\n\n<p>Xalapa, Ver.- No se investiga a alcalde de Medell\u00edn Marcos Isle\u00f1o por la desaparici\u00f3n del hermano del diputado local de Morena, Magdaleno  Rosales, as\u00ed lo inform\u00f3 el gobernador del estado Cuitl\u00e1huac Garc\u00eda Jim\u00e9nez.<\/p>\n\n\n\n<p>En conferencia de prensa se le cuestion\u00f3 que, \u00bfSe est\u00e1 investigando al Alcalde por la desaparici\u00f3n del hermano del diputado?, se le pregunt\u00f3: &#8220;No, el tema lo est\u00e1 atendiendo directamente la Fiscal\u00eda en contacto con el Diputado, si -hay avances-, pero pidi\u00f3 el Diputado que mejor se atendiera as\u00ed&#8221;.<\/p>\n\n\n\n<p>Hay que recordar que el legislador dijo que tom\u00f3 la decisi\u00f3n de denunciar al alcalde de Medell\u00edn de Bravo ante las presuntas amenazas e intimidaci\u00f3n a su familia y colaboradores.<\/p>\n\n\n\n<p>Ambos personajes han sostenido \u00a0debates en medios de comunicaci\u00f3n y en redes sociales por temas como la posibilidad de concesionar el servicio de agua potable en Medell\u00edn y la construcci\u00f3n de un tramo carretero que se pagar\u00eda con recursos del Estado.<\/p>\n\n\n\n<p>Posteriormente, se dio a conocer que la Comisi\u00f3n Estatal de B\u00fasqueda hab\u00eda emitido una ficha para localizar a Gregorio Rosales, hermano del diputado, quien desapareci\u00f3 el lunes 23 de abril en el municipio de Manlio Fabio Altamirano.<\/p>\n\n\n\n<p>Cabe recordar que d\u00edas antes, el congresista dijo: &#8220;Hago responsable a Marcos Isle\u00f1o de lo que me pueda pasar, de cualquier agresi\u00f3n a mis colaboradores y familiares, pues hemos constatado que ha enviado a personal de su administraci\u00f3n y a gente armada a vigilar mi domicilio, el de mis familiares y mi oficina de representaci\u00f3n\u201d, se\u00f1al\u00f3.<\/p>\n","protected":false},"excerpt":{"rendered":"<p>Dar\u00edo Pale Xalapa, Ver.- No se investiga a alcalde de Medell\u00edn Marcos Isle\u00f1o por la desaparici\u00f3n del hermano del diputado local de Morena, Magdaleno Rosales, as\u00ed lo inform\u00f3 el gobernador del estado Cuitl\u00e1huac Garc\u00eda Jim\u00e9nez. En conferencia de prensa se le cuestion\u00f3 que, \u00bfSe est\u00e1 investigando al Alcalde por la desaparici\u00f3n del hermano del diputado?, [&hellip;]<\/p>\n","protected":false},"author":2476,"featured_media":34951,"comment_status":"open","ping_status":"open","sticky":false,"template":"","format":"standard","meta":{"_jetpack_memberships_contains_paid_content":false,"footnotes":""},"categories":[2],"tags":[],"class_list":["post-39874","post","type-post","status-publish","format-standard","has-post-thumbnail","hentry","category-estado"],"jetpack_featured_media_url":"https:\/\/encuentroinformativo.com.mx\/wp-content\/uploads\/2022\/12\/IMG-20221230-WA0034.jpg","jetpack_sharing_enabled":true,"jetpack_likes_enabled":true,"amp_enabled":true,"_links":{"self":[{"href":"https:\/\/encuentroinformativo.com.mx\/index.php?rest_route=\/wp\/v2\/posts\/39874","targetHints":{"allow":["GET"]}}],"collection":[{"href":"https:\/\/encuentroinformativo.com.mx\/index.php?rest_route=\/wp\/v2\/posts"}],"about":[{"href":"https:\/\/encuentroinformativo.com.mx\/index.php?rest_route=\/wp\/v2\/types\/post"}],"author":[{"embeddable":true,"href":"https:\/\/encuentroinformativo.com.mx\/index.php?rest_route=\/wp\/v2\/users\/2476"}],"replies":[{"embeddable":true,"href":"https:\/\/encuentroinformativo.com.mx\/index.php?rest_route=%2Fwp%2Fv2%2Fcomments&post=39874"}],"version-history":[{"count":1,"href":"https:\/\/encuentroinformativo.com.mx\/index.php?rest_route=\/wp\/v2\/posts\/39874\/revisions"}],"predecessor-version":[{"id":39875,"href":"https:\/\/encuentroinformativo.com.mx\/index.php?rest_route=\/wp\/v2\/posts\/39874\/revisions\/39875"}],"wp:featuredmedia":[{"embeddable":true,"href":"https:\/\/encuentroinformativo.com.mx\/index.php?rest_route=\/wp\/v2\/media\/34951"}],"wp:attachment":[{"href":"https:\/\/encuentroinformativo.com.mx\/index.php?rest_route=%2Fwp%2Fv2%2Fmedia&parent=39874"}],"wp:term":[{"taxonomy":"category","embeddable":true,"href":"https:\/\/encuentroinformativo.com.mx\/index.php?rest_route=%2Fwp%2Fv2%2Fcategories&post=39874"},{"taxonomy":"post_tag","embeddable":true,"href":"https:\/\/encuentroinformativo.com.mx\/index.php?rest_route=%2Fwp%2Fv2%2Ftags&post=39874"}],"curies":[{"name":"wp","href":"https:\/\/api.w.org\/{rel}","templated":true}]}}