{"id":39890,"date":"2023-04-27T21:12:17","date_gmt":"2023-04-28T03:12:17","guid":{"rendered":"https:\/\/encuentroinformativo.com.mx\/?p=39890"},"modified":"2023-04-27T21:12:22","modified_gmt":"2023-04-28T03:12:22","slug":"presentan-publicacion-identidad-y-fotografos-de-xalapa","status":"publish","type":"post","link":"https:\/\/encuentroinformativo.com.mx\/?p=39890","title":{"rendered":"Presentan publicaci\u00f3n Identidad y Fot\u00f3grafos de Xalapa"},"content":{"rendered":"\n<p><strong>Israel Garc\u00eda <\/strong><\/p>\n\n\n\n<p>Xalapa, Ver.- En sala de cabildo se realiz\u00f3 la presentaci\u00f3n del libro &#8220;Fenerly, identidad y fot\u00f3grafos de Xalapa&#8221;.<\/p>\n\n\n\n<p>El acto estuvo encabezado por el alcalde Ricardo Ahued Bardahuil, acompa\u00f1ado del autor del libro, el Cronista de Xalapa, Vicente Espino Jara.<\/p>\n\n\n\n<p>Ah\u00ed se dio a conocer que el objetivo de la presentaci\u00f3n del cuaderno de divulgaci\u00f3n, es dar un primer paso para conformar un centro de documentaci\u00f3n o colecci\u00f3n fotogr\u00e1fica de la evoluci\u00f3n de la capital del estado.<\/p>\n\n\n\n<p>Tambi\u00e9n participaron: Horacio Guadarrama Olivera, del Instituto Mora, Gustavo Am\u00e9zaga Heiras, de la Universidad de Xalapa, H\u00e9ctor Montes de Oca.<\/p>\n\n\n\n<figure class=\"wp-block-image size-large\"><img loading=\"lazy\" decoding=\"async\" width=\"1024\" height=\"768\" src=\"https:\/\/encuentroinformativo.com.mx\/wp-content\/uploads\/2023\/04\/IMG-20230427-WA0170-1024x768.jpg\" alt=\"\" class=\"wp-image-39892\" srcset=\"https:\/\/encuentroinformativo.com.mx\/wp-content\/uploads\/2023\/04\/IMG-20230427-WA0170-1024x768.jpg 1024w, https:\/\/encuentroinformativo.com.mx\/wp-content\/uploads\/2023\/04\/IMG-20230427-WA0170-300x225.jpg 300w, https:\/\/encuentroinformativo.com.mx\/wp-content\/uploads\/2023\/04\/IMG-20230427-WA0170-768x576.jpg 768w, https:\/\/encuentroinformativo.com.mx\/wp-content\/uploads\/2023\/04\/IMG-20230427-WA0170.jpg 1040w\" sizes=\"auto, (max-width: 1024px) 100vw, 1024px\" \/><\/figure>\n","protected":false},"excerpt":{"rendered":"<p>Israel Garc\u00eda Xalapa, Ver.- En sala de cabildo se realiz\u00f3 la presentaci\u00f3n del libro &#8220;Fenerly, identidad y fot\u00f3grafos de Xalapa&#8221;. El acto estuvo encabezado por el alcalde Ricardo Ahued Bardahuil, acompa\u00f1ado del autor del libro, el Cronista de Xalapa, Vicente Espino Jara. Ah\u00ed se dio a conocer que el objetivo de la presentaci\u00f3n del cuaderno [&hellip;]<\/p>\n","protected":false},"author":2476,"featured_media":39891,"comment_status":"open","ping_status":"open","sticky":false,"template":"","format":"standard","meta":{"_jetpack_memberships_contains_paid_content":false,"footnotes":""},"categories":[3],"tags":[],"class_list":["post-39890","post","type-post","status-publish","format-standard","has-post-thumbnail","hentry","category-xalapa"],"jetpack_featured_media_url":"https:\/\/encuentroinformativo.com.mx\/wp-content\/uploads\/2023\/04\/IMG-20230427-WA01692.jpg","jetpack_sharing_enabled":true,"jetpack_likes_enabled":true,"amp_enabled":true,"_links":{"self":[{"href":"https:\/\/encuentroinformativo.com.mx\/index.php?rest_route=\/wp\/v2\/posts\/39890","targetHints":{"allow":["GET"]}}],"collection":[{"href":"https:\/\/encuentroinformativo.com.mx\/index.php?rest_route=\/wp\/v2\/posts"}],"about":[{"href":"https:\/\/encuentroinformativo.com.mx\/index.php?rest_route=\/wp\/v2\/types\/post"}],"author":[{"embeddable":true,"href":"https:\/\/encuentroinformativo.com.mx\/index.php?rest_route=\/wp\/v2\/users\/2476"}],"replies":[{"embeddable":true,"href":"https:\/\/encuentroinformativo.com.mx\/index.php?rest_route=%2Fwp%2Fv2%2Fcomments&post=39890"}],"version-history":[{"count":1,"href":"https:\/\/encuentroinformativo.com.mx\/index.php?rest_route=\/wp\/v2\/posts\/39890\/revisions"}],"predecessor-version":[{"id":39893,"href":"https:\/\/encuentroinformativo.com.mx\/index.php?rest_route=\/wp\/v2\/posts\/39890\/revisions\/39893"}],"wp:featuredmedia":[{"embeddable":true,"href":"https:\/\/encuentroinformativo.com.mx\/index.php?rest_route=\/wp\/v2\/media\/39891"}],"wp:attachment":[{"href":"https:\/\/encuentroinformativo.com.mx\/index.php?rest_route=%2Fwp%2Fv2%2Fmedia&parent=39890"}],"wp:term":[{"taxonomy":"category","embeddable":true,"href":"https:\/\/encuentroinformativo.com.mx\/index.php?rest_route=%2Fwp%2Fv2%2Fcategories&post=39890"},{"taxonomy":"post_tag","embeddable":true,"href":"https:\/\/encuentroinformativo.com.mx\/index.php?rest_route=%2Fwp%2Fv2%2Ftags&post=39890"}],"curies":[{"name":"wp","href":"https:\/\/api.w.org\/{rel}","templated":true}]}}