{"id":39894,"date":"2023-04-27T21:14:47","date_gmt":"2023-04-28T03:14:47","guid":{"rendered":"https:\/\/encuentroinformativo.com.mx\/?p=39894"},"modified":"2023-04-27T21:14:51","modified_gmt":"2023-04-28T03:14:51","slug":"trabajadores-pilares-del-progreso-y-modernidad-de-boca-del-rio-alcalde-jm-unanue","status":"publish","type":"post","link":"https:\/\/encuentroinformativo.com.mx\/?p=39894","title":{"rendered":"Trabajadores, pilares del progreso y modernidad de Boca del R\u00edo: Alcalde JM Un\u00e1nue"},"content":{"rendered":"\n<p><strong>*<em>Este jueves el Alcalde se reuni\u00f3 con los integrantes del Congreso del Trabajo en Veracruz en el marco de la conmemoraci\u00f3n del D\u00eda del Trabajo<\/em>.<\/strong><\/p>\n\n\n\n<p>Boca del R\u00edo, Ver.- Con motivo de la conmemoraci\u00f3n del D\u00eda del Trabajo, el Alcalde de Boca del R\u00edo, Juan Manuel Un\u00e1nue Abascal, reconoci\u00f3 el esfuerzo y dedicaci\u00f3n del sector sindical, as\u00ed como de sus agremiados.<\/p>\n\n\n\n<p>En una reuni\u00f3n con el Presidente del Congreso del Trabajo en Veracruz, as\u00ed como con los l\u00edderes sindicales y de los sectores adheridos, reconoci\u00f3 a los trabajadores del Sindicato de Empleados y Trabajadores al Servicio del Ayuntamiento de Boca del R\u00edo, con quienes y gracias a su labor se ha marcado la diferencia en estos primeros 15 meses de trabajo.<\/p>\n\n\n\n<p>\u201cEn Boca del R\u00edo el crecimiento responsable y ordenado nos ha posicionado como la mejor ciudad de Veracruz, gracias al esfuerzo diario de los sectores productivos que contribuyen con su trabajo al progreso de nuestro municipio\u201d, destac\u00f3 el Alcalde.<\/p>\n\n\n\n<p>Un\u00e1nue Abascal celebr\u00f3 que su gobierno mantiene un di\u00e1logo permanente y respetuoso con los diferentes sindicatos de los distintos sectores productivos, con la premisa de consolidar el crecimiento de Boca del R\u00edo.<\/p>\n\n\n\n<p>Y enfatiz\u00f3 que lo que hoy en d\u00eda es Boca del R\u00edo, no ser\u00eda posible sin el trabajo diario de la fuerza laboral boque\u00f1a, la cual se distingue por estar bien capacitada.<\/p>\n\n\n\n<p>Por su parte, Leonel P\u00e9rez Herrera, Presidente del Congreso del Trabajo en el estado de Veracruz, agradeci\u00f3 la convocatoria de la autoridad municipal, as\u00ed como su respaldo a los grupos laborales.<\/p>\n\n\n\n<p>\u201cA todas las autoridades municipales y al presidente nuestro anfitri\u00f3n, que muy amable y educadamente nos atiende, te damos las gracias por este evento en el marco de la celebraci\u00f3n del D\u00eda del Internacional del Trabajo (\u2026) Ahora que est\u00e1s t\u00fa, las cosas han mejorado y lo digo abiertamente\u201d, expres\u00f3 P\u00e9rez Herrera.<\/p>\n\n\n\n<p>Por \u00faltimo, el Alcalde Juan Manuel Un\u00e1nue Abascal tambi\u00e9n reconoci\u00f3 la importancia y labores de los m\u00e1s de 300 trabajadores del Sindicato del Ayuntamiento de Boca del R\u00edo quienes mayormente se encuentran en las direcciones de Limpia y Alumbrado P\u00fablico, as\u00ed como en Mantenimiento Urbano, asegurando que se trata de un equipo que todos los d\u00edas pone todo su esfuerzo para que Boca del R\u00edo siga manteni\u00e9ndose como lo mejor de Veracruz.<\/p>\n","protected":false},"excerpt":{"rendered":"<p>*Este jueves el Alcalde se reuni\u00f3 con los integrantes del Congreso del Trabajo en Veracruz en el marco de la conmemoraci\u00f3n del D\u00eda del Trabajo. Boca del R\u00edo, Ver.- Con motivo de la conmemoraci\u00f3n del D\u00eda del Trabajo, el Alcalde de Boca del R\u00edo, Juan Manuel Un\u00e1nue Abascal, reconoci\u00f3 el esfuerzo y dedicaci\u00f3n del sector [&hellip;]<\/p>\n","protected":false},"author":2476,"featured_media":39895,"comment_status":"open","ping_status":"open","sticky":false,"template":"","format":"standard","meta":{"_jetpack_memberships_contains_paid_content":false,"footnotes":""},"categories":[2],"tags":[],"class_list":["post-39894","post","type-post","status-publish","format-standard","has-post-thumbnail","hentry","category-estado"],"jetpack_featured_media_url":"https:\/\/encuentroinformativo.com.mx\/wp-content\/uploads\/2023\/04\/IMG-20230427-WA01742.jpg","jetpack_sharing_enabled":true,"jetpack_likes_enabled":true,"amp_enabled":true,"_links":{"self":[{"href":"https:\/\/encuentroinformativo.com.mx\/index.php?rest_route=\/wp\/v2\/posts\/39894","targetHints":{"allow":["GET"]}}],"collection":[{"href":"https:\/\/encuentroinformativo.com.mx\/index.php?rest_route=\/wp\/v2\/posts"}],"about":[{"href":"https:\/\/encuentroinformativo.com.mx\/index.php?rest_route=\/wp\/v2\/types\/post"}],"author":[{"embeddable":true,"href":"https:\/\/encuentroinformativo.com.mx\/index.php?rest_route=\/wp\/v2\/users\/2476"}],"replies":[{"embeddable":true,"href":"https:\/\/encuentroinformativo.com.mx\/index.php?rest_route=%2Fwp%2Fv2%2Fcomments&post=39894"}],"version-history":[{"count":1,"href":"https:\/\/encuentroinformativo.com.mx\/index.php?rest_route=\/wp\/v2\/posts\/39894\/revisions"}],"predecessor-version":[{"id":39896,"href":"https:\/\/encuentroinformativo.com.mx\/index.php?rest_route=\/wp\/v2\/posts\/39894\/revisions\/39896"}],"wp:featuredmedia":[{"embeddable":true,"href":"https:\/\/encuentroinformativo.com.mx\/index.php?rest_route=\/wp\/v2\/media\/39895"}],"wp:attachment":[{"href":"https:\/\/encuentroinformativo.com.mx\/index.php?rest_route=%2Fwp%2Fv2%2Fmedia&parent=39894"}],"wp:term":[{"taxonomy":"category","embeddable":true,"href":"https:\/\/encuentroinformativo.com.mx\/index.php?rest_route=%2Fwp%2Fv2%2Fcategories&post=39894"},{"taxonomy":"post_tag","embeddable":true,"href":"https:\/\/encuentroinformativo.com.mx\/index.php?rest_route=%2Fwp%2Fv2%2Ftags&post=39894"}],"curies":[{"name":"wp","href":"https:\/\/api.w.org\/{rel}","templated":true}]}}