{"id":39897,"date":"2023-04-28T09:47:12","date_gmt":"2023-04-28T15:47:12","guid":{"rendered":"https:\/\/encuentroinformativo.com.mx\/?p=39897"},"modified":"2023-04-28T09:47:17","modified_gmt":"2023-04-28T15:47:17","slug":"los-cuatro-de-cuic","status":"publish","type":"post","link":"https:\/\/encuentroinformativo.com.mx\/?p=39897","title":{"rendered":"LOS CUATRO DE CUIC"},"content":{"rendered":"\n<p><strong>Los Pol\u00edticos<\/strong><\/p>\n\n\n\n<p><strong>Salvador Mu\u00f1oz<\/strong><\/p>\n\n\n\n<p>Dentro del c\u00edrculo de colaboradores, cuates, amigos, camaradas o como les quieran llamar, allegados a Cuitl\u00e1huac Garc\u00eda Jim\u00e9nez, destacan cuatro varones: Zenyazen Escobar Garc\u00eda, Jos\u00e9 Luis Lima Franco, Sergio Rodr\u00edguez Cort\u00e9s y Juan Javier G\u00f3mez Cazar\u00edn.<\/p>\n\n\n\n<p>De estos cuatro, dos al menos son considerados \u201ccorcholatas\u201d en caso de que por alguna u otra raz\u00f3n el proyecto que impulsa este c\u00edrculo, o sea Nahle, no fuera la candidata, pero uno de \u00e9stos ya pint\u00f3 su raya con un Hashtag: #ChioEsLaBuena\u2026 el otro, m\u00e1s discreto, nom\u00e1s hace m\u00fasculo.<\/p>\n\n\n\n<p>De estos cuatro, a dos de ellos los ven con posibilidades para competir por una curul, sea federal o local\u2026 pero vayamos por cada animal (zoon politikon) para tratar de entenderlos\u2026<\/p>\n\n\n\n<p>Al secretario de Finanzas de Veracruz le ven espolones para competir por una curul, sea en San L\u00e1zaro o en Palacio de Encanto; tan as\u00ed que se le ve muy activo en sus redes sociales, en especial en TikTok donde derrocha simpat\u00eda al por mayor\u2026 l\u00e1stima que \u00e9sa no se refleja en las oficinas de la dependencia que manda porque all\u00ed, a nadie saluda, \u201cpasa como burro\u201d&#8230; bueno, los empleados estaban acostumbrados al pol\u00edtico que desde que llegaba al estacionamiento saludaba al de vigilancia, intendencia, secretarias, y dem\u00e1s fauna burocr\u00e1tica\u2026 aunque en descargo del pozarricense, hay que aclarar que lo que sube la mayor\u00eda de los pol\u00edticos en las redes sociales, es pura pose, as\u00ed, como la de Lima Franco\u2026 quiz\u00e1s buen actor, pero mal pol\u00edtico.<\/p>\n\n\n\n<p>En el caso del Procurador de que haya buen ambiente\u2026 no, dicen que ya no es de \u00e9sos\u2026 el asunto con el Procu es que le ven dos opciones: la primera: la curul, sea local o federal\u2026 tiene buen soporte, sea por el lado del Gobernador o sea por el lado de su carnal, alcalde de Ciudad Mendoza, H\u00e9ctor.<\/p>\n\n\n\n<p>Ah\u00ed es donde dicen que puede venir el plan con ma\u00f1a: Amarrar el Distrito XXI (que por cierto, est\u00e1 en manos de Luis Arturo Santiago), o el Distrito Electoral federal XV, para que, suponiendo que ganara, se fuera al 2025 para ir por la presidencia municipal que dejar\u00eda su carnal.<\/p>\n\n\n\n<p>El titular de la SEV, Zenyazen Escobar, tiene un dato curioso: presume que habla lengua n\u00e1huatl y es as\u00ed como inicia sus discursos en cualquiera de los eventos en los que hace presencia, y si me apuran, sabe algo de lenguaje de se\u00f1as\u2026 sin hacer mucho ruido ni caer en protagonismos o sin hacerse la \u201cv\u00edstima\u201d, hace activa la inclusi\u00f3n en su quehacer p\u00fablico y pol\u00edtico.<\/p>\n\n\n\n<p>A este pol\u00edtico lo podr\u00edan ubicar como candidato a una curul, sea por la v\u00eda uni o pluri y por la experiencia adquirida en su paso por el Congreso local, est\u00e1 m\u00e1s que cantado a ser la cabeza de manada del grupo legislativo de su partido, aunado a que es de los pocos morenos que concilia, dialoga, trata con la oposici\u00f3n\u2026 la muestra est\u00e1 en sus comparecencias, donde siempre es bien recibido y reconocido por los antagonistas de este sistema en el poder.<\/p>\n\n\n\n<p>Al Jucopo Juan Javier G\u00f3mez Cazar\u00edn muchos lo ven como candidato natural por una Senadur\u00eda. El trabajo desempe\u00f1ado en dos legislaturas tiene m\u00e1s que satisfechos a los altos mandos, desde el Palacio de Enr\u00edquez hasta el Nacional y ni se diga del afecto que le han tomado las corcholatas predilectas de este gobierno: Claudia y Roc\u00edo\u2026 Ch\u00edo para el de Hueyapan.<\/p>\n\n\n\n<p>Sin embargo, s\u00ed, hay que ponerle el \u201cPero\u201d a Cazar\u00edn\u2026 \u00bfqu\u00e9 pasar\u00eda si Manuel Huerta Ladr\u00f3n de Guevara fuera el gan\u00f3n por el esca\u00f1o? La il\u00f3gica nos dice una cosa: \u00bfC\u00f3mo ver\u00edan a Juan Javier G\u00f3mez Cazar\u00edn, un moreno todo terreno, que gusta de hacer click con la gente, que es igual de barrio que el Temo Blanco, que lo mismo carga bultos de cemento que se echa unas rolas de Nelson Kanzela, como delegado de Bienestar? Ac\u00e1 dejo las opciones de cuatro cuates, amigos, compas, cercanos al c\u00edrculo de Cuitl\u00e1huac.<\/p>\n","protected":false},"excerpt":{"rendered":"<p>Los Pol\u00edticos Salvador Mu\u00f1oz Dentro del c\u00edrculo de colaboradores, cuates, amigos, camaradas o como les quieran llamar, allegados a Cuitl\u00e1huac Garc\u00eda Jim\u00e9nez, destacan cuatro varones: Zenyazen Escobar Garc\u00eda, Jos\u00e9 Luis Lima Franco, Sergio Rodr\u00edguez Cort\u00e9s y Juan Javier G\u00f3mez Cazar\u00edn. De estos cuatro, dos al menos son considerados \u201ccorcholatas\u201d en caso de que por alguna [&hellip;]<\/p>\n","protected":false},"author":2476,"featured_media":387,"comment_status":"open","ping_status":"open","sticky":false,"template":"","format":"standard","meta":{"_jetpack_memberships_contains_paid_content":false,"footnotes":""},"categories":[11],"tags":[],"class_list":["post-39897","post","type-post","status-publish","format-standard","has-post-thumbnail","hentry","category-opinion"],"jetpack_featured_media_url":"https:\/\/encuentroinformativo.com.mx\/wp-content\/uploads\/2020\/03\/7CF8A22B-2764-47BE-8F7F-38FE9E5D6A2F.jpeg","jetpack_sharing_enabled":true,"jetpack_likes_enabled":true,"amp_enabled":true,"_links":{"self":[{"href":"https:\/\/encuentroinformativo.com.mx\/index.php?rest_route=\/wp\/v2\/posts\/39897","targetHints":{"allow":["GET"]}}],"collection":[{"href":"https:\/\/encuentroinformativo.com.mx\/index.php?rest_route=\/wp\/v2\/posts"}],"about":[{"href":"https:\/\/encuentroinformativo.com.mx\/index.php?rest_route=\/wp\/v2\/types\/post"}],"author":[{"embeddable":true,"href":"https:\/\/encuentroinformativo.com.mx\/index.php?rest_route=\/wp\/v2\/users\/2476"}],"replies":[{"embeddable":true,"href":"https:\/\/encuentroinformativo.com.mx\/index.php?rest_route=%2Fwp%2Fv2%2Fcomments&post=39897"}],"version-history":[{"count":1,"href":"https:\/\/encuentroinformativo.com.mx\/index.php?rest_route=\/wp\/v2\/posts\/39897\/revisions"}],"predecessor-version":[{"id":39898,"href":"https:\/\/encuentroinformativo.com.mx\/index.php?rest_route=\/wp\/v2\/posts\/39897\/revisions\/39898"}],"wp:featuredmedia":[{"embeddable":true,"href":"https:\/\/encuentroinformativo.com.mx\/index.php?rest_route=\/wp\/v2\/media\/387"}],"wp:attachment":[{"href":"https:\/\/encuentroinformativo.com.mx\/index.php?rest_route=%2Fwp%2Fv2%2Fmedia&parent=39897"}],"wp:term":[{"taxonomy":"category","embeddable":true,"href":"https:\/\/encuentroinformativo.com.mx\/index.php?rest_route=%2Fwp%2Fv2%2Fcategories&post=39897"},{"taxonomy":"post_tag","embeddable":true,"href":"https:\/\/encuentroinformativo.com.mx\/index.php?rest_route=%2Fwp%2Fv2%2Ftags&post=39897"}],"curies":[{"name":"wp","href":"https:\/\/api.w.org\/{rel}","templated":true}]}}