{"id":39899,"date":"2023-04-28T10:10:11","date_gmt":"2023-04-28T16:10:11","guid":{"rendered":"https:\/\/encuentroinformativo.com.mx\/?p=39899"},"modified":"2023-04-28T10:10:14","modified_gmt":"2023-04-28T16:10:14","slug":"hace-11-anos-mataron-a-regina","status":"publish","type":"post","link":"https:\/\/encuentroinformativo.com.mx\/?p=39899","title":{"rendered":"HACE 11 A\u00d1OS MATARON A REGINA"},"content":{"rendered":"\n<p><strong>ColumnaSinNombre<br>@pablojair<\/strong><\/p>\n\n\n\n<ul class=\"wp-block-list\"><li>Los que andan caminando en Boca.<\/li><li>\u00bfY qui\u00e9n ser\u00eda el nuevo l\u00edder del PRI?<\/li><li>Buenos n\u00fameros en el IPE.<\/li><\/ul>\n\n\n\n<p>Con los Jarritos, no; hagan \u201cjazhtac\u201d y r\u00f3lenlo, plis<br>\u2014Chopenjawer<\/p>\n\n\n\n<p>Hace 11 a\u00f1os nos enter\u00e1bamos que hab\u00eda sido asesinada Regina Mart\u00ednez.<\/p>\n\n\n\n<p>Nadie lo pod\u00eda creer. Nadie esperaba esa noticia en medio de la espiral de violencia que se hab\u00eda desatado en Veracruz por esos a\u00f1os.<\/p>\n\n\n\n<p>Hab\u00eda muerto la mejor del gremio, la maestra Regina, la que es recordada por el presidente L\u00f3pez Obrador a cada rato en sus conferencias \u201cma\u00f1aneras\u201d porque ella y Betogato eran los \u00fanicos periodistas del estado que lo acompa\u00f1aron en su caminata hist\u00f3rica por Veracruz a inicios de los a\u00f1os noventa.<\/p>\n\n\n\n<p>Regina fue corresponsal \u2014de las m\u00e1s experimentadas\u2014 de medios emblem\u00e1ticos del periodismo mexicano como La Jornada y Proceso. Tambi\u00e9n estuvo en Pol\u00edtica, el mejor peri\u00f3dico de Xalapa en su mejor momento, dirigido por Don Yayo Guti\u00e9rrez.<\/p>\n\n\n\n<p>Al paso de los d\u00edas se daban a conocer detalles de su brutal homicidio: hab\u00eda sido golpeada salvajemente hasta quitarle la vida.<\/p>\n\n\n\n<p>Horas posteriores a su muerte (seg\u00fan el peritaje oficial, las entradas nunca fueron forzadas) dedujeron que ella le habr\u00eda permitido pasar a su domicilio privado a sus agresores, lo que ha sido rechazado por quienes conocieron muy bien a Regina: ella era muy desconfiada, de un c\u00edrculo selecto de amistades; imposible que se quiera vender la idea de que ella hab\u00eda dejado pasar a quienes ser\u00edan sus verdugos y que todav\u00eda conviviera con ellos.<\/p>\n\n\n\n<p>De hecho, en la clase pol\u00edtica como que prefirieron echar tierra al asunto diciendo que Regina ten\u00eda una especie de doble vida que nadie conoc\u00eda.<\/p>\n\n\n\n<p>Era gobernador Javier Duarte, quien recibi\u00f3 a los altos mandos de Proceso \u2014entre ellos al legendario Julio Scherer\u2014 para explicarles sobre las investigaciones, pero su editorial sobre el encuentro fue contundente: \u201cEs in\u00fatil, gobernador, no le creemos\u201d.<\/p>\n\n\n\n<p>Y as\u00ed, creo, muchos hasta el d\u00eda de hoy: nadie cree la versi\u00f3n oficial de que Regina convivi\u00f3 con sus asesinos, los dej\u00f3 pasar a su casa y ah\u00ed se desataron los hechos violentos que la llevaron a la muerte.<\/p>\n\n\n\n<p>De hecho, a\u00fan con esa \u201cversi\u00f3n oficial\u201d nunca se detuvo al principal sospechoso: un autor material que seg\u00fan anda pr\u00f3fugo. S\u00f3lo detuvieron a uno, a \u201cEl Silva\u201d, pero su detenci\u00f3n s\u00f3lo fue como calidad de c\u00f3mplice y no como autor material; fue tan apresurada su detenci\u00f3n, que todo se fue convirtiendo en una grotesca pantomima para dar a entender que se hab\u00eda resuelto el caso.<\/p>\n\n\n\n<p>Hasta la desaparecida PGR intervino en el caso\u2026 pero no pas\u00f3 a mayores. Todo qued\u00f3 en crear perfiles y estudios.<\/p>\n\n\n\n<p>Por esas fechas \u2014antes del asesinato de Regina\u2014 se comentaba que estaba por salir un n\u00famero especial de Proceso referente al paso del sanguinario c\u00e1rtel de \u201dLos Zetas\u201d en Veracruz y su relaci\u00f3n con algunos pol\u00edticos. El n\u00famero finalmente s\u00ed sali\u00f3, pero no tuvo el eco como su primera edici\u00f3n (y creo que tampoco salieron los nombres que se presum\u00edan iban a salir).<\/p>\n\n\n\n<p>Para la mayor\u00eda del gremio, definitivamente su muerte tiene qu\u00e9 ver con lo que Regina escrib\u00eda, investigaba. Alguien pudo haberla mandado silenciar, pero no se sabe qui\u00e9n.<\/p>\n\n\n\n<p>Hasta el d\u00eda de hoy su sentida ausencia est\u00e1 impune. Ser\u00eda bueno \u2014como dice \u201cya-saben-qui\u00e9n\u201d\u2014 que ahora los que est\u00e1n en el poder aprovecharan su posici\u00f3n para aclarar qu\u00e9 ocurri\u00f3 con Regina ese fat\u00eddico d\u00eda, as\u00ed como ella le dio voz a varios que en esos a\u00f1os nadie escuchaba, nadie pelaba, porque era la \u00e9poca del priato absoluto donde todo se somet\u00eda al poder un presidente o gobernador.<\/p>\n\n\n\n<p>Hoy tampoco faltan quienes farolean diciendo que eran amigos cercanos a Regina, casi \u201cbroders\u201d, casi \u201ccisternas\u201d, y que con su muerte capitalizaron becas, dinero, viajes, cargos p\u00fablicos para hacerse las \u201cv\u00edstimas\u201d usando el nombre de ella como tarjeta de cr\u00e9dito ilimitada.<\/p>\n\n\n\n<p>Porque pocos eran los verdaderos amigos, los cercanos a Regina.<\/p>\n\n\n\n<p>Esos amigos son los que tambi\u00e9n est\u00e1n desacuerdo que esos farsantes usen el nombre de Regina para nombrar la Plaza Lerdo, porque ella no era protag\u00f3nica, ni buscaba reflectores. Ella era una periodista de esa escuela que, seguramente, ahora ser\u00e1 muy incomprendida para los \u201cinfluencers\u201d y \u201cestrellitas del celular\u201d que no entienden que la noticia es la que debe prevalecer, no el periodista, no el reportero.<\/p>\n\n\n\n<p>Pero finalmente, debo admitir, creo que Regina se ha ganado el espacio-tiempo justo y debe ser recordada m\u00e1s all\u00e1 de las generaciones que la conocieron. Que sea su plaza, la de Xalapa, siempre\u2026<\/p>\n\n\n\n<p>Porque debe trascender su nombre en la memoria y siempre recordarse \u2014hasta que se resuelva\u2014 que su asesinato se mantiene sin castigo.<\/p>\n\n\n\n<p>Once a\u00f1os impunes, sin esclarecimiento, sin Regina.<\/p>\n\n\n\n<p><strong>NOTA PARA PEGAR EN EL REFRI:<\/strong> Los que no han parado de trabajar es el equipo de Morena de Boca del R\u00edo. Espec\u00edficamente, los integrantes de Somos 4T, un grupo integrado por j\u00f3venes y gente entusiasta. Est\u00e1n enfocados en ver &#8220;la otra cara de los boque\u00f1os&#8221; y las necesidades que enfrenta el municipio. Hay buena gu\u00eda con Luis Alberto Casas y Diana V\u00e1zquez y el equipo que tienen detr\u00e1s. Este domingo recorrieron toda la colonia El Morro y platicaron con la gente interesada en el proyecto. No los pierdan de vista.<\/p>\n\n\n\n<p><strong>OTRA NOTA: <\/strong>Vaya raquetazo el que le dieron a unos pri\u00edstas que andan pidiendo cambiar a la dirigencia estatal. Que apenas y poco m\u00e1s de 50 son militantes y de esos s\u00f3lo 9 est\u00e1n al corriente con las cuotas del partidazo tricolor\u2026 \u201c\u00bfY qu\u00e9 es lo que quieren?\u201d, le pregunto a uno del Comit\u00e9 Directivo Estatal y me responde: \u201cQuieren empleo\u201d\u2026 Voy de nuevo de metiche: \u201c\u00bfY qui\u00e9n ser\u00eda el nuevo l\u00edder?\u201d y me contesta: \u201cQuieren que sea uno de ellos. Lo veo complejo, pero que hagan su reta\u201d.<\/p>\n\n\n\n<p><strong>LA \u00daLTIMA PORQUE MUCHA CALOR: <\/strong>Si alguien ha destacado dentro de la Cuarta Transformeishion en Veracruz ha sido precisamente la titular del Instituto de Pensiones del Estado, Daniela Griego Ceballos, quien sin hacer tanto ruido medi\u00e1tico y optando por un bajo perfil m\u00e1s concentrado en el trabajo, ha logrado lo que se pensaba hace unos a\u00f1os imposible: enderezar las finanzas del IPE y poner orden en lo que por a\u00f1os fue la caja chica del Gobierno de Veracruz\u2026 Ayer en su informe de actividades del a\u00f1o 2022, Griego Ceballos destac\u00f3 que el IPE rebas\u00f3 la meta establecida el a\u00f1o anterior y, al corte de marzo, el Fideicomiso de la Reserva T\u00e9cnica cuenta con 2 mil 038 millones de pesos, un incremento del 63% respecto a 2019; y que los 132 mil 762 derechohabientes activos y pensionados reciben puntualmente las prestaciones y dem\u00e1s beneficios\u2026 Una de las razones del crecimiento hist\u00f3rico en los fondos es el buen funcionamiento del Programa de Pr\u00e9stamos, el cual aument\u00f3 en 204 millones de pesos (69%) desde 2018, mediante la obtenci\u00f3n y transferencia de rendimientos\u2026 Actualmente el IPE cuenta con un portafolio de 44 inmuebles valuado en 5 mil 305 millones 287 mil 100 pesos, 800 millones m\u00e1s del valor en lo que va de esta administraci\u00f3n; aqu\u00ed se contemplan 27 predios, seis edificios, cinco locales comerciales, dos estacionamientos, dos hoteles y dos cines.<\/p>\n","protected":false},"excerpt":{"rendered":"<p>ColumnaSinNombre@pablojair Los que andan caminando en Boca. \u00bfY qui\u00e9n ser\u00eda el nuevo l\u00edder del PRI? Buenos n\u00fameros en el IPE. Con los Jarritos, no; hagan \u201cjazhtac\u201d y r\u00f3lenlo, plis\u2014Chopenjawer Hace 11 a\u00f1os nos enter\u00e1bamos que hab\u00eda sido asesinada Regina Mart\u00ednez. Nadie lo pod\u00eda creer. Nadie esperaba esa noticia en medio de la espiral de violencia [&hellip;]<\/p>\n","protected":false},"author":2476,"featured_media":488,"comment_status":"open","ping_status":"open","sticky":false,"template":"","format":"standard","meta":{"_jetpack_memberships_contains_paid_content":false,"footnotes":""},"categories":[11],"tags":[],"class_list":["post-39899","post","type-post","status-publish","format-standard","has-post-thumbnail","hentry","category-opinion"],"jetpack_featured_media_url":"https:\/\/encuentroinformativo.com.mx\/wp-content\/uploads\/2020\/03\/F471F608-BA1A-416B-BA7B-BCFB24F4E6D0.jpeg","jetpack_sharing_enabled":true,"jetpack_likes_enabled":true,"amp_enabled":true,"_links":{"self":[{"href":"https:\/\/encuentroinformativo.com.mx\/index.php?rest_route=\/wp\/v2\/posts\/39899","targetHints":{"allow":["GET"]}}],"collection":[{"href":"https:\/\/encuentroinformativo.com.mx\/index.php?rest_route=\/wp\/v2\/posts"}],"about":[{"href":"https:\/\/encuentroinformativo.com.mx\/index.php?rest_route=\/wp\/v2\/types\/post"}],"author":[{"embeddable":true,"href":"https:\/\/encuentroinformativo.com.mx\/index.php?rest_route=\/wp\/v2\/users\/2476"}],"replies":[{"embeddable":true,"href":"https:\/\/encuentroinformativo.com.mx\/index.php?rest_route=%2Fwp%2Fv2%2Fcomments&post=39899"}],"version-history":[{"count":1,"href":"https:\/\/encuentroinformativo.com.mx\/index.php?rest_route=\/wp\/v2\/posts\/39899\/revisions"}],"predecessor-version":[{"id":39900,"href":"https:\/\/encuentroinformativo.com.mx\/index.php?rest_route=\/wp\/v2\/posts\/39899\/revisions\/39900"}],"wp:featuredmedia":[{"embeddable":true,"href":"https:\/\/encuentroinformativo.com.mx\/index.php?rest_route=\/wp\/v2\/media\/488"}],"wp:attachment":[{"href":"https:\/\/encuentroinformativo.com.mx\/index.php?rest_route=%2Fwp%2Fv2%2Fmedia&parent=39899"}],"wp:term":[{"taxonomy":"category","embeddable":true,"href":"https:\/\/encuentroinformativo.com.mx\/index.php?rest_route=%2Fwp%2Fv2%2Fcategories&post=39899"},{"taxonomy":"post_tag","embeddable":true,"href":"https:\/\/encuentroinformativo.com.mx\/index.php?rest_route=%2Fwp%2Fv2%2Ftags&post=39899"}],"curies":[{"name":"wp","href":"https:\/\/api.w.org\/{rel}","templated":true}]}}