{"id":3990,"date":"2020-07-10T07:13:32","date_gmt":"2020-07-10T12:13:32","guid":{"rendered":"https:\/\/encuentroinformativo.com\/?p=3990"},"modified":"2020-07-10T01:48:42","modified_gmt":"2020-07-10T06:48:42","slug":"ya-cancelaron-festejos-en-xico-y-los-que-siguen","status":"publish","type":"post","link":"https:\/\/encuentroinformativo.com.mx\/?p=3990","title":{"rendered":"YA CANCELARON FESTEJOS EN XICO&#8230; \u00bfY LOS QUE SIGUEN?"},"content":{"rendered":"\n<p><strong>+ Recuerdan la obra de San Rafael Gu\u00edzar en Zoom.<br>+ Cuitl\u00e1huac sembr\u00e1ndola en Acayucan.<br>+ El changarro del exalcalde.<br><br><em>La COVID-19 no fue inventada por Bill Gates, aclaran fact-checkers, pero ah\u00ed est\u00e1n compartiendo babosadas en el Feis y el Wasap<br>&#8211;Chopenjawer<\/em><br><\/strong><br>Para muchos, en la regi\u00f3n de Xalapa-Coatepec-Xico-Teocelo va a ser un golpe tremendo el que se cancelen las actividades art\u00edsticas y culturales de la fiesta patronal de Santa Mar\u00eda Magdalena, la principal fiesta que atrae todos los a\u00f1os al turismo regional, nacional y algunos extranjeros.<\/p>\n\n\n\n<p>\u00bfEl motivo? El maldito coronavirus que nos tiene a todos en cuarentena.<\/p>\n\n\n\n<p>La celebraci\u00f3n religiosa s\u00ed se llevar\u00e1 a cabo, pero tomando las medidas sanitarias correspondientes. No habr\u00e1 tra\u00edda de la flor para el arco y tampoco habr\u00e1 ninguna procesi\u00f3n, seg\u00fan la alcaldesa Gloria Galv\u00e1n Ordu\u00f1a; solamente habr\u00e1 misa principal con los mayordomos y no se permitir\u00e1 el acceso de los feligreses al templo, seg\u00fan informa el portal Versiones.<\/p>\n\n\n\n<p>&#8220;Tampoco habr\u00e1 baile, teatro del pueblo, ni juegos pirot\u00e9cnicos&#8221;, a\u00f1adi\u00f3 Galv\u00e1n Ordu\u00f1a, quien destac\u00f3 que se procurar\u00e1 evitar la propagaci\u00f3n del COVID-19&#8230; Ojal\u00e1 as\u00ed hubiera hecho cuando hac\u00eda reuniones encabezadas por su hija, a la que le quiere heredar la presidencia municipal.<\/p>\n\n\n\n<p>Ojal\u00e1 no se le ocurra a la banda celebrar, con eso de que les gusta mucho el despapaye, los toros, la morita y agarran de pretexto la celebraci\u00f3n religiosa para ponerse unas santas guarapetas con sus consecuentes crudas de campeonato. Ya se ver\u00e1 si ese d\u00eda la gente se guarda o salen a torearse entre ellos en la calle.<\/p>\n\n\n\n<p>Esto lleva a pensar si las dem\u00e1s fiestas por venir est\u00e1n en riesgo de no celebrarse en grande. El presidente Andr\u00e9s Manuel L\u00f3pez Obrador ya dijo que s\u00ed va a dar el Grito de Independencia&nbsp;<a href=\"outlook-data-detector:\/\/0\">el d\u00eda 15<\/a>, aunque est\u00e1 en veremos c\u00f3mo le van a hacer con los que quieran acudir al Z\u00f3calo.<\/p>\n\n\n\n<p>El asunto de la pandemia parece que va para largo. Hemos preguntado a m\u00e9dicos y la mayor\u00eda coincide en que esto podr\u00eda durar m\u00ednimo un a\u00f1o, en lo que se encuentra una posible cura o vacuna, se experimenta, se hacen pruebas y finalmente sale a circulaci\u00f3n.<\/p>\n\n\n\n<p>La realidad es que esta cuarentena se va a extender por varios meses m\u00e1s. Pa\u00edses en Europa, donde apenas la curva de contagios se aplan\u00f3 o se est\u00e1 aplanando, est\u00e1n regresando a actividades &#8220;normales&#8221; pero con extremas medidas sanitarias. Hasta ahorita no se han realizado conciertos masivos en grandes escenarios, los eventos futboleros son con el estadio cerrado y sin p\u00fablico, la entrada a las plazas comerciales es controlada, y ya ni se diga de restaurantes o caf\u00e9s: hace no mucho circul\u00f3 una fotograf\u00eda donde se ve un bistr\u00f3 de Par\u00eds con asientos ocupados por osos de peluche para mantener la sana distancia entre sus comensales.<\/p>\n\n\n\n<p>En M\u00e9xico, y particularmente en Veracruz, los contagios comenzaron mucho despu\u00e9s que en Europa; es decir, nuestro lento cronograma todav\u00eda apunta a que estaremos en picos de pandemia altos y lejos, muy lejos todav\u00eda, de una &#8220;nueva normalidad&#8221; como la que apenas est\u00e1n aplicando en otros pa\u00edses que ya pasaron, aparentemente, la peor fase.<\/p>\n\n\n\n<p>A esto s\u00famese que ya se habla de rebrotes en temporada invernal, y si el pueblo mexicano sigue necio en no guardar la cuarentena, pues \u00e9sta se va a extender m\u00e1s semanas, m\u00e1s meses.<\/p>\n\n\n\n<p>Volviendo al punto de los festejos: entonces quiz\u00e1 est\u00e9n en peligro de suspenderse fiestas tradicionales como las de septiembre; de ah\u00ed, tal vez hasta en una de esas (si no han levantado la cuarentena) nos extendamos a diciembre, cancelando cualquier evento masivo en los festejos navide\u00f1os y de A\u00f1o Nuevo.<\/p>\n\n\n\n<p>Y siguiendo as\u00ed, hasta nos pasamos al siguiente a\u00f1o.<\/p>\n\n\n\n<p>Perd\u00f3neme lo azotado, pero es que si todav\u00eda no hay algo que combata al bicho Covid19, quiz\u00e1 se mantenga la recomendaci\u00f3n de quedarse en casa en el 2021, porque ser\u00eda una irresponsabilidad que sali\u00e9ramos a la calle, a eventos masivos, con mucho contacto entre la gente, sin tener garant\u00edas para evitar un contagio.<\/p>\n\n\n\n<p>\u00bfQu\u00e9 pasar\u00e1 entonces con el Carnaval de Veracruz? \u00bfEl Festival de la Salsa? \u00bfHabr\u00e1 nuevamente Cumbre Taj\u00edn? \u00bfYa estar\u00e1n previendo? \u00bfYa est\u00e1n organizando algo al respecto?<\/p>\n\n\n\n<p>No es que sea uno pesimista, pero a estas alturas las autoridades ya deber\u00edan estar pensando en escenarios a futuro, especialmente porque la pandemia sigue y no hay nada que asegure que en poco tiempo se reduzcan las cifras de contagios y muertos.<\/p>\n\n\n\n<p>\u00a1Chingao!, y yo que quer\u00eda ver al Alice Cooper y a Tesla en Chilangolandia. Ni pex.<\/p>\n\n\n\n<p><strong>NOTA PARA PEGAR EN EL REFRI:<\/strong>&nbsp;Con la finalidad de realizar la segunda presentaci\u00f3n del libro &#8220;Ruta Misionera de San Rafael Gu\u00edzar y Valencia, por la Sierra Central Veracruzana, Edici\u00f3n Especial 100 a\u00f1os, 1920-2020&#8221;, la coordinadora de este importante esfuerzo editorial, Leticia Arriaga Stransky, inform\u00f3 que se transmitir\u00e1 a trav\u00e9s del programa de video-llamadas y reuniones virtuales Zoom; y atendiendo las indicaciones dispuestas por las autoridades sanitarias, ante la pandemia ocasionada por el COVID19 en el pa\u00eds. Este trabajo editorial independiente, se\u00f1al\u00f3 Leticia Arriaga, tiene el prop\u00f3sito de difundir la vida ejemplar y la obra que realiz\u00f3 San Rafael Gu\u00edzar y Valencia en la regi\u00f3n de Xalapa y las Altas Monta\u00f1as, y se conozca este pasaje, de la mayor trascendencia, de la historia de Veracruz; agregando que la presentaci\u00f3n de este libro a trav\u00e9s de Zoom, les permitir\u00e1 llegar a un mayor n\u00famero de personas, que si se hiciera de manera presencial. La presentaci\u00f3n ser\u00e1&nbsp;<a href=\"outlook-data-detector:\/\/1\">este lunes 13 de julio, a partir de las 13:00<\/a>horas, a trav\u00e9s de la App Zoom: unirse a la reuni\u00f3n Zoom \/&nbsp;<a href=\"https:\/\/us02web.zoom.us\/j\/88641185032\">https:\/\/us02web.zoom.us\/j\/88641185032<\/a>&nbsp;\/ ID de reuni\u00f3n:&nbsp;<a href=\"tel:886%204118%205032\">886 4118 5032<\/a>.<\/p>\n\n\n\n<p><strong>OTRA NOTA:<\/strong>&nbsp;Con la plantaci\u00f3n de m\u00e1s de 800 \u00e1rboles en la localidad Santa Rita Laurel, de Acayucan, mediante un sistema agroforestal, Veracruz se suma a la Jornada Nacional de Siembra de 100 millones de plantas, a cargo del programa &#8220;Sembrando Vida&#8221;. Bajo el esquema de Milpa Intercalada entre Frutales (MIAF), las familias obtienen de su tierra alimentos saludables para el sustento regional, como lo pudo confirmar el gobernador Cuitl\u00e1huac Garc\u00eda Jim\u00e9nez, al supervisar este vivero que produce especies maderables y agroindustriales. Cabe destacar que con el modelo MAIF, los campesinos intercalan en las parcelas pi\u00f1a, guan\u00e1bana, nopal, caf\u00e9, pl\u00e1tano y cacao; mientras que los principales ejemplares forestales consisten en encino, cedro, guayac\u00e1n, caoba, nacaxtle y roble.<\/p>\n\n\n\n<p><strong>LA \u00daLTIMA PORQUE LES MANDO MUCHO, MUCHO, PERO MUCHO AMOR:\u00a0<\/strong>Cuando quiebra tu changarrito que &#8220;tanto&#8221; te cost\u00f3 edificar desde que eras alcalde de Xalapa y mejor lo tienes meses cerrado por &#8220;remodelaci\u00f3n&#8221;. El Hotel Ju\u00e1rez del Centro, en Xalapa, de plano ya no es negocio y tuvieron que cerrarlo hace meses (incluso antes de la pandemia), como si al due\u00f1o le faltara la lana que tanto &#8220;gan\u00f3&#8221; con el sudor de su frente&#8230; Y dicen que tiene otro m\u00e1s lujoso, con almohadas de plumas de pavorreal y as\u00ed todo bien naqui-nice&#8230; \u00a1No totol!<br><\/p>\n\n\n\n<p><strong>@pablojair<\/strong><\/p>\n","protected":false},"excerpt":{"rendered":"<p>+ Recuerdan la obra de San Rafael Gu\u00edzar en Zoom.+ Cuitl\u00e1huac sembr\u00e1ndola en Acayucan.+ El changarro del exalcalde. La COVID-19 no fue inventada por Bill Gates, aclaran fact-checkers, pero ah\u00ed est\u00e1n compartiendo babosadas en el Feis y el Wasap&#8211;ChopenjawerPara muchos, en la regi\u00f3n de Xalapa-Coatepec-Xico-Teocelo va a ser un golpe tremendo el que se cancelen [&hellip;]<\/p>\n","protected":false},"author":1,"featured_media":488,"comment_status":"open","ping_status":"open","sticky":false,"template":"","format":"standard","meta":{"_jetpack_memberships_contains_paid_content":false,"footnotes":""},"categories":[11],"tags":[],"class_list":["post-3990","post","type-post","status-publish","format-standard","has-post-thumbnail","hentry","category-opinion"],"jetpack_featured_media_url":"https:\/\/encuentroinformativo.com.mx\/wp-content\/uploads\/2020\/03\/F471F608-BA1A-416B-BA7B-BCFB24F4E6D0.jpeg","jetpack_sharing_enabled":true,"jetpack_likes_enabled":true,"amp_enabled":true,"_links":{"self":[{"href":"https:\/\/encuentroinformativo.com.mx\/index.php?rest_route=\/wp\/v2\/posts\/3990","targetHints":{"allow":["GET"]}}],"collection":[{"href":"https:\/\/encuentroinformativo.com.mx\/index.php?rest_route=\/wp\/v2\/posts"}],"about":[{"href":"https:\/\/encuentroinformativo.com.mx\/index.php?rest_route=\/wp\/v2\/types\/post"}],"author":[{"embeddable":true,"href":"https:\/\/encuentroinformativo.com.mx\/index.php?rest_route=\/wp\/v2\/users\/1"}],"replies":[{"embeddable":true,"href":"https:\/\/encuentroinformativo.com.mx\/index.php?rest_route=%2Fwp%2Fv2%2Fcomments&post=3990"}],"version-history":[{"count":1,"href":"https:\/\/encuentroinformativo.com.mx\/index.php?rest_route=\/wp\/v2\/posts\/3990\/revisions"}],"predecessor-version":[{"id":3991,"href":"https:\/\/encuentroinformativo.com.mx\/index.php?rest_route=\/wp\/v2\/posts\/3990\/revisions\/3991"}],"wp:featuredmedia":[{"embeddable":true,"href":"https:\/\/encuentroinformativo.com.mx\/index.php?rest_route=\/wp\/v2\/media\/488"}],"wp:attachment":[{"href":"https:\/\/encuentroinformativo.com.mx\/index.php?rest_route=%2Fwp%2Fv2%2Fmedia&parent=3990"}],"wp:term":[{"taxonomy":"category","embeddable":true,"href":"https:\/\/encuentroinformativo.com.mx\/index.php?rest_route=%2Fwp%2Fv2%2Fcategories&post=3990"},{"taxonomy":"post_tag","embeddable":true,"href":"https:\/\/encuentroinformativo.com.mx\/index.php?rest_route=%2Fwp%2Fv2%2Ftags&post=3990"}],"curies":[{"name":"wp","href":"https:\/\/api.w.org\/{rel}","templated":true}]}}