{"id":39905,"date":"2023-04-28T11:19:32","date_gmt":"2023-04-28T17:19:32","guid":{"rendered":"https:\/\/encuentroinformativo.com.mx\/?p=39905"},"modified":"2023-04-28T11:19:36","modified_gmt":"2023-04-28T17:19:36","slug":"se-quejan-vecinos-por-aguas-negras-en-jamapa","status":"publish","type":"post","link":"https:\/\/encuentroinformativo.com.mx\/?p=39905","title":{"rendered":"Se quejan vecinos por aguas negras en Jamapa"},"content":{"rendered":"\n<p><strong>Alejandro \u00c1vila<\/strong><\/p>\n\n\n\n<p>Jamapa, Ver.- Desde hace tres meses vecinos de la colonia Stan, tambi\u00e9n conocida como &#8220;Las Casitas&#8221;, sufren por el drenaje obstruido en la zona, mismo que ha colapsado e hizo brotar aguas negras en las viviendas.<\/p>\n\n\n\n<p>Los afectados se\u00f1alaron que las aguas negras ya no tienen la salida adecuada, y esta se vierte nuevamente en sus hogares, creando un foco de infecci\u00f3n que afecta sobre todo a, adultos mayores y ni\u00f1os.<\/p>\n\n\n\n<p>&#8220;El agua principal no tiene salida, el tubo va hacia una fosa s\u00e9ptica que est\u00e1 en un predio, est\u00e1 obstruido el tubo principal, entonces lo que hacen las aguas negras es brotar por la parte de atr\u00e1s de las casitas y, sale toda esa agua por esas tapas de drenaje, es mucha el agua sucia que sale, inclusive ya empez\u00f3 a brotar hasta en las casas&#8221;, mencion\u00f3 el diputado local, Magdaleno Rosales Torres, quien acudi\u00f3 al apoyo de los vecinos.<\/p>\n\n\n\n<p>Los vecinos le mostraron al legislador morenista los oficios firmados por m\u00e1s de 100 familias afectadas, quienes han solicitado que el Ayuntamiento a cargo de V\u00edctor Enedido Morales Castro, les brinde el apoyo necesario; sin embargo, el presidente municipal ha hecho caso omiso de su petici\u00f3n.<\/p>\n\n\n\n<p>&#8220;Asist\u00ed e hicimos el llamado obviamente al alcalde, al Cabildo, para que atendieran esa problem\u00e1tica, que hasta la fecha, hasta el d\u00eda de hoy no le han hecho nada, esto lo hicimos la semana pasada, no hubo respuesta del Ayuntamiento, inclusive yo les dije que pod\u00eda apoyarles con el tema del vactor, voy a hablar con el director de CAEV, ya solamente necesitaba un oficio que me diera el Ayuntamiento para hacer la petici\u00f3n a CAEV, al director de CAEV, Jorge Ladr\u00f3n de Guevara, no he recibimos notificaci\u00f3n alguna de ellos. Entonces, es lamentable que el Ayuntamiento no vea esa situaci\u00f3n que es un tema de salud p\u00fablica, muy grave lo que puede pasar ah\u00ed&#8221;, remat\u00f3, Magdaleno Rosales.<\/p>\n","protected":false},"excerpt":{"rendered":"<p>Alejandro \u00c1vila Jamapa, Ver.- Desde hace tres meses vecinos de la colonia Stan, tambi\u00e9n conocida como &#8220;Las Casitas&#8221;, sufren por el drenaje obstruido en la zona, mismo que ha colapsado e hizo brotar aguas negras en las viviendas. Los afectados se\u00f1alaron que las aguas negras ya no tienen la salida adecuada, y esta se vierte [&hellip;]<\/p>\n","protected":false},"author":2476,"featured_media":39906,"comment_status":"open","ping_status":"open","sticky":false,"template":"","format":"standard","meta":{"_jetpack_memberships_contains_paid_content":false,"footnotes":""},"categories":[2],"tags":[],"class_list":["post-39905","post","type-post","status-publish","format-standard","has-post-thumbnail","hentry","category-estado"],"jetpack_featured_media_url":"https:\/\/encuentroinformativo.com.mx\/wp-content\/uploads\/2023\/04\/IMG-20230428-WA0040.jpg","jetpack_sharing_enabled":true,"jetpack_likes_enabled":true,"amp_enabled":true,"_links":{"self":[{"href":"https:\/\/encuentroinformativo.com.mx\/index.php?rest_route=\/wp\/v2\/posts\/39905","targetHints":{"allow":["GET"]}}],"collection":[{"href":"https:\/\/encuentroinformativo.com.mx\/index.php?rest_route=\/wp\/v2\/posts"}],"about":[{"href":"https:\/\/encuentroinformativo.com.mx\/index.php?rest_route=\/wp\/v2\/types\/post"}],"author":[{"embeddable":true,"href":"https:\/\/encuentroinformativo.com.mx\/index.php?rest_route=\/wp\/v2\/users\/2476"}],"replies":[{"embeddable":true,"href":"https:\/\/encuentroinformativo.com.mx\/index.php?rest_route=%2Fwp%2Fv2%2Fcomments&post=39905"}],"version-history":[{"count":1,"href":"https:\/\/encuentroinformativo.com.mx\/index.php?rest_route=\/wp\/v2\/posts\/39905\/revisions"}],"predecessor-version":[{"id":39907,"href":"https:\/\/encuentroinformativo.com.mx\/index.php?rest_route=\/wp\/v2\/posts\/39905\/revisions\/39907"}],"wp:featuredmedia":[{"embeddable":true,"href":"https:\/\/encuentroinformativo.com.mx\/index.php?rest_route=\/wp\/v2\/media\/39906"}],"wp:attachment":[{"href":"https:\/\/encuentroinformativo.com.mx\/index.php?rest_route=%2Fwp%2Fv2%2Fmedia&parent=39905"}],"wp:term":[{"taxonomy":"category","embeddable":true,"href":"https:\/\/encuentroinformativo.com.mx\/index.php?rest_route=%2Fwp%2Fv2%2Fcategories&post=39905"},{"taxonomy":"post_tag","embeddable":true,"href":"https:\/\/encuentroinformativo.com.mx\/index.php?rest_route=%2Fwp%2Fv2%2Ftags&post=39905"}],"curies":[{"name":"wp","href":"https:\/\/api.w.org\/{rel}","templated":true}]}}