{"id":39911,"date":"2023-04-28T12:36:17","date_gmt":"2023-04-28T18:36:17","guid":{"rendered":"https:\/\/encuentroinformativo.com.mx\/?p=39911"},"modified":"2023-04-28T12:36:20","modified_gmt":"2023-04-28T18:36:20","slug":"mantienen-comerciantes-altas-expectativas-economicas-por-carnaval-de-piedras-negras","status":"publish","type":"post","link":"https:\/\/encuentroinformativo.com.mx\/?p=39911","title":{"rendered":"Mantienen comerciantes altas expectativas econ\u00f3micas por Carnaval de Piedras Negras"},"content":{"rendered":"\n<p><strong>Alejandro \u00c1vila<\/strong><\/p>\n\n\n\n<p>Tlalixcoyan, Ver.- Comerciantes de la localidad de Piedras Negras en el municipio de Tlalixcoyan tienen grandes expectativas econ\u00f3micas por el Carnaval, debido al puente vacacional de este fin de semana.<\/p>\n\n\n\n<p>Con la quema del Mal Humor, representada por las figuras de la \u201cTristeza\u201d y \u201cLa Furia\u201d<\/p>\n\n\n\n<p>se da inicio a los festejos del Carnaval de Piedras Negras 2023 \u201cLa fiesta de todos\u201d, mismo que se llevar\u00e1 a cabo desde este 27 de abril y hasta el pr\u00f3ximo 1 de mayo de este a\u00f1o en dicha congregaci\u00f3n tlalixcoyana.<\/p>\n\n\n\n<p>&#8220;Estamos preparados para recibir a cientos de visitantes, consideramos que va a haber una buena derrama econ\u00f3mica tomando en cuenta que hay un puente vacacional durante este fin de semana. El apoyo de la alcaldesa Elvia Illescas ha sido importante, pues ha trabajado con el sector empresarial para crear actividades que generen derrama econ\u00f3mica en el municipio de Tlalixcoyan&#8221;, mencion\u00f3 la conerciante Diana Navarrete.<\/p>\n\n\n\n<p>Ante la presencia de decenas de familias en la avenida Libertad, se dej\u00f3 sentir la alegr\u00eda de esta fiesta y fue la presidenta municipal, Elvia Illescas Loyo quien se encarg\u00f3 de prender fuego a estas im\u00e1genes, invitando a la ciudadan\u00eda a participar en este gran evento que llega a la edici\u00f3n 81.<\/p>\n","protected":false},"excerpt":{"rendered":"<p>Alejandro \u00c1vila Tlalixcoyan, Ver.- Comerciantes de la localidad de Piedras Negras en el municipio de Tlalixcoyan tienen grandes expectativas econ\u00f3micas por el Carnaval, debido al puente vacacional de este fin de semana. Con la quema del Mal Humor, representada por las figuras de la \u201cTristeza\u201d y \u201cLa Furia\u201d se da inicio a los festejos del [&hellip;]<\/p>\n","protected":false},"author":2476,"featured_media":39912,"comment_status":"open","ping_status":"open","sticky":false,"template":"","format":"standard","meta":{"_jetpack_memberships_contains_paid_content":false,"footnotes":""},"categories":[2],"tags":[],"class_list":["post-39911","post","type-post","status-publish","format-standard","has-post-thumbnail","hentry","category-estado"],"jetpack_featured_media_url":"https:\/\/encuentroinformativo.com.mx\/wp-content\/uploads\/2023\/04\/IMG-20230428-WA0065.jpg","jetpack_sharing_enabled":true,"jetpack_likes_enabled":true,"amp_enabled":true,"_links":{"self":[{"href":"https:\/\/encuentroinformativo.com.mx\/index.php?rest_route=\/wp\/v2\/posts\/39911","targetHints":{"allow":["GET"]}}],"collection":[{"href":"https:\/\/encuentroinformativo.com.mx\/index.php?rest_route=\/wp\/v2\/posts"}],"about":[{"href":"https:\/\/encuentroinformativo.com.mx\/index.php?rest_route=\/wp\/v2\/types\/post"}],"author":[{"embeddable":true,"href":"https:\/\/encuentroinformativo.com.mx\/index.php?rest_route=\/wp\/v2\/users\/2476"}],"replies":[{"embeddable":true,"href":"https:\/\/encuentroinformativo.com.mx\/index.php?rest_route=%2Fwp%2Fv2%2Fcomments&post=39911"}],"version-history":[{"count":1,"href":"https:\/\/encuentroinformativo.com.mx\/index.php?rest_route=\/wp\/v2\/posts\/39911\/revisions"}],"predecessor-version":[{"id":39913,"href":"https:\/\/encuentroinformativo.com.mx\/index.php?rest_route=\/wp\/v2\/posts\/39911\/revisions\/39913"}],"wp:featuredmedia":[{"embeddable":true,"href":"https:\/\/encuentroinformativo.com.mx\/index.php?rest_route=\/wp\/v2\/media\/39912"}],"wp:attachment":[{"href":"https:\/\/encuentroinformativo.com.mx\/index.php?rest_route=%2Fwp%2Fv2%2Fmedia&parent=39911"}],"wp:term":[{"taxonomy":"category","embeddable":true,"href":"https:\/\/encuentroinformativo.com.mx\/index.php?rest_route=%2Fwp%2Fv2%2Fcategories&post=39911"},{"taxonomy":"post_tag","embeddable":true,"href":"https:\/\/encuentroinformativo.com.mx\/index.php?rest_route=%2Fwp%2Fv2%2Ftags&post=39911"}],"curies":[{"name":"wp","href":"https:\/\/api.w.org\/{rel}","templated":true}]}}