{"id":39919,"date":"2023-04-28T13:23:50","date_gmt":"2023-04-28T19:23:50","guid":{"rendered":"https:\/\/encuentroinformativo.com.mx\/?p=39919"},"modified":"2023-04-28T16:45:31","modified_gmt":"2023-04-28T22:45:31","slug":"para-disminuir-robos-se-refuerzan-acciones-de-iluminacion-ahued","status":"publish","type":"post","link":"https:\/\/encuentroinformativo.com.mx\/?p=39919","title":{"rendered":"Para disminuir robos, se refuerzan acciones de iluminaci\u00f3n: Ahued"},"content":{"rendered":"\n<p><strong>Dar\u00edo Pale <\/strong><\/p>\n\n\n\n<p>Xalapa, Ver.- El presidente municipal de Xalapa, Ricardo Ahued Bardahuil dio a conocer que se mejora iluminaci\u00f3n para reducir robos, tambi\u00e9n destac\u00f3 la capacitaci\u00f3n de los elementos policiacos municipales.<\/p>\n\n\n\n<p>En entrevista se\u00f1al\u00f3 que, se trabaja para ampliar las luminarias en diferentes \u00e1reas de la ciudad e inhibir los hechos de inseguridad, expuso el presidente municipal de Xalapa, Ricardo Ahued Bardahuil.<\/p>\n\n\n\n<p>\u201cLas luminarias que se hicieron precisamente donde est\u00e1 la Universidad Veracruzana, tenemos un aforo de universidades como tenemos tambi\u00e9n la zona de muchos estudiantes y precisamente las colonias que est\u00e1n enfrente de esta v\u00eda, se cambiaron todas las luminarias, se paviment\u00f3\u201d, se\u00f1al\u00f3.<\/p>\n\n\n\n<p>Esto, luego de quejas por los robos en Nuevo Xalapa y Santa Rosa, donde algunos j\u00f3venes fueron asaltados por delincuentes y por lo que la Universidad Pedag\u00f3gica Nacional (UPN) y el Colegio Veracruz (COLVER), pidieron al Ayuntamiento que ayudara con luminarias, ya que al concluir sus clases est\u00e1 muy oscuro.&nbsp;<\/p>\n\n\n\n<p>El edil capitalino dio a conocer que se contempla un proyecto de iluminaci\u00f3n, tanto en L\u00e1zaro C\u00e1rdenas como en Arco Sur para mejorar las luminarias.<\/p>\n\n\n\n<p>\u201cEste a\u00f1o ya se hizo la previsi\u00f3n para ver qu\u00e9 tipo de luminarias, no nada m\u00e1s las que est\u00e1n en el camell\u00f3n, se va a cambiar tambi\u00e9n jardiner\u00eda una vez que termine la pavimentaci\u00f3n y estamos mirando precisamente por lo que dicen, las paradas de camiones son oscuras para tener unas torres de iluminaci\u00f3n que son unas ara\u00f1as grandes que sirven para tener mucha m\u00e1s seguridad en el tr\u00e1fico y la seguridad que te da cuando est\u00e1n iluminadas las banquetas, las paradas del cami\u00f3n\u201d, coment\u00f3.<\/p>\n\n\n\n<p>Por ello manifest\u00f3 que con la pavimentaci\u00f3n que se hace en la zona y las luminarias, el escenario se modificar\u00e1, \u201cindependientemente de la seguridad que se debe tener en la contenci\u00f3n y los rondines que se tienen que hacer\u201d.<\/p>\n\n\n\n<p>Ahued Bardahuil se\u00f1alo que la Polic\u00eda Municipal cuenta con un proyecto de inversi\u00f3n importante para este 2023, adem\u00e1s de que la mayor\u00eda de los elementos est\u00e1n certificados.<\/p>\n\n\n\n<p>Finalmente se\u00f1al\u00f3 que, \u201cestamos licitando t\u00e1cticos, veh\u00edculos, uniformes para m\u00e1s de 50 o 60 elementos que tenemos que incorporar este a\u00f1o y fondear el recurso para el pago de n\u00f3mina\u201d.<\/p>\n\n\n\n<p><strong>Ajustes Presupuestales <\/strong><\/p>\n\n\n\n<p>En otro tema, el alcalde dii a conocer que or ajuste presupuestal, el Ayuntamiento de Xalapa evita gastos superfluos y tambi\u00e9n se revisa el personal de todas las \u00e1reas.<\/p>\n\n\n\n<p>Se\u00f1al\u00f3 que este primer trimestre del a\u00f1o se hizo un ajuste presupuestal, por lo que se hacen ajustes y no generar gastos superfluos, adem\u00e1s de la revisi\u00f3n de personal en las \u00e1reas.\u00a0<\/p>\n\n\n\n<p>&#8220;Tenemos que ver en estos meses de lo que est\u00e1 programado, hay un peque\u00f1o ajuste que se dio en el primer trimestre, se supone que a principio de ejercicio sucede y se va viendo si hay una reposici\u00f3n&#8221;, se\u00f1al\u00f3.<\/p>\n\n\n\n<p>El edil capitalino indic\u00f3 que el equilibrio lo tendr\u00e1n a partir del semestre.<\/p>\n\n\n\n<p>En otro orden de ideas con relaci\u00f3n a si impactar\u00eda en la n\u00f3mina y en el cap\u00edtulo 1000, indic\u00f3 que se tendr\u00e1 que revisar y se est\u00e1n haciendo ajustes en las \u00e1reas.<\/p>\n\n\n\n<p>&#8220;Derivado del contrato de las condiciones que se firm\u00f3 con el sindicato impact\u00f3 cerca de 78 millones, m\u00e1s menos, y las obligaciones est\u00e1n impl\u00edcitas en las condiciones generales como despensas y dem\u00e1s, se increment\u00f3 por la inflaci\u00f3n&#8221;, coment\u00f3.<\/p>\n\n\n\n<p>Ahued Bardahuil expuso que tendr\u00e1n que preverlo para que financieramente no tengan un problema despu\u00e9s que les impida pagar las obligaciones.<\/p>\n\n\n\n<p>&#8220;Por eso est\u00e1n haciendo ajustes, lamentable, pero se tienen que hacer, es un tema que tenemos que tener en este proceso de disciplina financiera&#8221;, inform\u00f3.<\/p>\n\n\n\n<p>Con relaci\u00f3n a los insumos, uniformes y despensas que se entregan a los trabajadores sindicalizados indic\u00f3 que todo est\u00e1 contemplado.<\/p>\n\n\n\n<p>&#8220;Todo est\u00e1, tanto presupuestado como contemplado, y desde luego estamos en disposici\u00f3n de escucharlos a ellos&#8221;.<\/p>\n\n\n\n<p>De manera que dijo que hacen todo lo necesario para que lleguen en tiempo y forma.<\/p>\n\n\n\n<p>Finalmente se\u00f1al\u00f3 que, &#8220;est\u00e1 ahorita la Direcci\u00f3n de Administraci\u00f3n haciendo todo lo necesario para que se hagan las compras de acuerdo a lo programado y presupuestado. Desde luego que ajustamos gastos, es una administraci\u00f3n que no est\u00e1 haciendo gastos superfluos, que tiene que centrarse en eso y de esa manera poder cumplir, tanto con la obra y los recursos que vienen etiquetados para obra, que sean totalmente aplicados en eso y no tener observaciones por faltas administrativas&#8221;.<\/p>\n","protected":false},"excerpt":{"rendered":"<p>Dar\u00edo Pale Xalapa, Ver.- El presidente municipal de Xalapa, Ricardo Ahued Bardahuil dio a conocer que se mejora iluminaci\u00f3n para reducir robos, tambi\u00e9n destac\u00f3 la capacitaci\u00f3n de los elementos policiacos municipales. En entrevista se\u00f1al\u00f3 que, se trabaja para ampliar las luminarias en diferentes \u00e1reas de la ciudad e inhibir los hechos de inseguridad, expuso el [&hellip;]<\/p>\n","protected":false},"author":2476,"featured_media":39921,"comment_status":"open","ping_status":"open","sticky":false,"template":"","format":"standard","meta":{"_jetpack_memberships_contains_paid_content":false,"footnotes":""},"categories":[3],"tags":[],"class_list":["post-39919","post","type-post","status-publish","format-standard","has-post-thumbnail","hentry","category-xalapa"],"jetpack_featured_media_url":"https:\/\/encuentroinformativo.com.mx\/wp-content\/uploads\/2023\/04\/IMG-20230428-WA00582.jpg","jetpack_sharing_enabled":true,"jetpack_likes_enabled":true,"amp_enabled":true,"_links":{"self":[{"href":"https:\/\/encuentroinformativo.com.mx\/index.php?rest_route=\/wp\/v2\/posts\/39919","targetHints":{"allow":["GET"]}}],"collection":[{"href":"https:\/\/encuentroinformativo.com.mx\/index.php?rest_route=\/wp\/v2\/posts"}],"about":[{"href":"https:\/\/encuentroinformativo.com.mx\/index.php?rest_route=\/wp\/v2\/types\/post"}],"author":[{"embeddable":true,"href":"https:\/\/encuentroinformativo.com.mx\/index.php?rest_route=\/wp\/v2\/users\/2476"}],"replies":[{"embeddable":true,"href":"https:\/\/encuentroinformativo.com.mx\/index.php?rest_route=%2Fwp%2Fv2%2Fcomments&post=39919"}],"version-history":[{"count":2,"href":"https:\/\/encuentroinformativo.com.mx\/index.php?rest_route=\/wp\/v2\/posts\/39919\/revisions"}],"predecessor-version":[{"id":39932,"href":"https:\/\/encuentroinformativo.com.mx\/index.php?rest_route=\/wp\/v2\/posts\/39919\/revisions\/39932"}],"wp:featuredmedia":[{"embeddable":true,"href":"https:\/\/encuentroinformativo.com.mx\/index.php?rest_route=\/wp\/v2\/media\/39921"}],"wp:attachment":[{"href":"https:\/\/encuentroinformativo.com.mx\/index.php?rest_route=%2Fwp%2Fv2%2Fmedia&parent=39919"}],"wp:term":[{"taxonomy":"category","embeddable":true,"href":"https:\/\/encuentroinformativo.com.mx\/index.php?rest_route=%2Fwp%2Fv2%2Fcategories&post=39919"},{"taxonomy":"post_tag","embeddable":true,"href":"https:\/\/encuentroinformativo.com.mx\/index.php?rest_route=%2Fwp%2Fv2%2Ftags&post=39919"}],"curies":[{"name":"wp","href":"https:\/\/api.w.org\/{rel}","templated":true}]}}