{"id":39923,"date":"2023-04-28T14:41:12","date_gmt":"2023-04-28T20:41:12","guid":{"rendered":"https:\/\/encuentroinformativo.com.mx\/?p=39923"},"modified":"2023-04-28T14:42:35","modified_gmt":"2023-04-28T20:42:35","slug":"invita-alcalde-juan-manuel-unanue-a-la-celebracion-del-dia-del-nino","status":"publish","type":"post","link":"https:\/\/encuentroinformativo.com.mx\/?p=39923","title":{"rendered":"Invita Alcalde Juan Manuel Un\u00e1nue a la celebraci\u00f3n del D\u00eda del Ni\u00f1o"},"content":{"rendered":"\n<p><strong>*<em>Este domingo 30 de abril a partir de las 5 de la tarde en el Parque Dren B de la colonia Carranza<\/em>.<\/strong><\/p>\n\n\n\n<p>Boca del R\u00edo, Ver.- El Ayuntamiento de Boca del R\u00edo tiene preparada una cartelera de Lucha Libre y muchas sorpresas para celebrar a la ni\u00f1ez boque\u00f1a este domingo 30 de abril a partir de las 17 horas en el Parque Dren B de la colonia Carranza.<\/p>\n\n\n\n<p>\u201cComo siempre haciendo un esfuerzo para que tengan un d\u00eda especial junto a sus familias y as\u00ed puedan disfrutar de una tarde agradable, recordando que habr\u00e1 muchas sorpresas para todos ellos\u201d, dijo el Alcalde Juan Manuel Un\u00e1nue Abascal.<\/p>\n\n\n\n<p>Para el uso y disfrute de los ni\u00f1os habr\u00e1 Juegos Inflables, Feria y muchas m\u00e1s actividades como parte del impulso de la convivencia familiar en Boca del R\u00edo.<\/p>\n\n\n\n<p>Un\u00e1nue Abascal coment\u00f3 que gracias a la ubicaci\u00f3n del parque miles de ni\u00f1os y adultos podr\u00e1n asistir de manera gratuita y c\u00f3moda, adem\u00e1s de no interrumpir el tr\u00e1fico vehicular, haciendo extensiva la invitaci\u00f3n a todas las colonias circunvecinas y para el resto del municipio.<\/p>\n\n\n\n<p>La funci\u00f3n del deporte espect\u00e1culo tendr\u00e1 la lucha estrella en la que participar\u00e1 Super Parka Jr. y Pr\u00edncipe de Plata enfrent\u00e1ndose a Hell Boy y Kronos, as\u00ed como a Fais\u00e1n Jr. en pareja con Blue Angel.<\/p>\n\n\n\n<p>El Presidente Municipal agreg\u00f3 que a la par del festival su gobierno implementar\u00e1 un operativo de seguridad, el cual estar\u00e1 integrado por la direcci\u00f3n de Protecci\u00f3n Civil de Boca del R\u00edo, Polic\u00eda Municipal, Tr\u00e1nsito, Gobernaci\u00f3n, DIF, entre otras m\u00e1s, que mantendr\u00e1n el orden y resguardo de las familias asistentes.<\/p>\n\n\n\n<figure class=\"wp-block-image size-large\"><img loading=\"lazy\" decoding=\"async\" width=\"1024\" height=\"1024\" src=\"https:\/\/encuentroinformativo.com.mx\/wp-content\/uploads\/2023\/04\/IMG-20230428-WA0083-1024x1024.jpg\" alt=\"\" class=\"wp-image-39924\" srcset=\"https:\/\/encuentroinformativo.com.mx\/wp-content\/uploads\/2023\/04\/IMG-20230428-WA0083-1024x1024.jpg 1024w, https:\/\/encuentroinformativo.com.mx\/wp-content\/uploads\/2023\/04\/IMG-20230428-WA0083-300x300.jpg 300w, https:\/\/encuentroinformativo.com.mx\/wp-content\/uploads\/2023\/04\/IMG-20230428-WA0083-150x150.jpg 150w, https:\/\/encuentroinformativo.com.mx\/wp-content\/uploads\/2023\/04\/IMG-20230428-WA0083-768x769.jpg 768w, https:\/\/encuentroinformativo.com.mx\/wp-content\/uploads\/2023\/04\/IMG-20230428-WA0083-1534x1536.jpg 1534w, https:\/\/encuentroinformativo.com.mx\/wp-content\/uploads\/2023\/04\/IMG-20230428-WA0083.jpg 1598w\" sizes=\"auto, (max-width: 1024px) 100vw, 1024px\" \/><\/figure>\n","protected":false},"excerpt":{"rendered":"<p>*Este domingo 30 de abril a partir de las 5 de la tarde en el Parque Dren B de la colonia Carranza. Boca del R\u00edo, Ver.- El Ayuntamiento de Boca del R\u00edo tiene preparada una cartelera de Lucha Libre y muchas sorpresas para celebrar a la ni\u00f1ez boque\u00f1a este domingo 30 de abril a partir [&hellip;]<\/p>\n","protected":false},"author":2476,"featured_media":39924,"comment_status":"open","ping_status":"open","sticky":false,"template":"","format":"standard","meta":{"_jetpack_memberships_contains_paid_content":false,"footnotes":""},"categories":[2],"tags":[],"class_list":["post-39923","post","type-post","status-publish","format-standard","has-post-thumbnail","hentry","category-estado"],"jetpack_featured_media_url":"https:\/\/encuentroinformativo.com.mx\/wp-content\/uploads\/2023\/04\/IMG-20230428-WA0083.jpg","jetpack_sharing_enabled":true,"jetpack_likes_enabled":true,"amp_enabled":true,"_links":{"self":[{"href":"https:\/\/encuentroinformativo.com.mx\/index.php?rest_route=\/wp\/v2\/posts\/39923","targetHints":{"allow":["GET"]}}],"collection":[{"href":"https:\/\/encuentroinformativo.com.mx\/index.php?rest_route=\/wp\/v2\/posts"}],"about":[{"href":"https:\/\/encuentroinformativo.com.mx\/index.php?rest_route=\/wp\/v2\/types\/post"}],"author":[{"embeddable":true,"href":"https:\/\/encuentroinformativo.com.mx\/index.php?rest_route=\/wp\/v2\/users\/2476"}],"replies":[{"embeddable":true,"href":"https:\/\/encuentroinformativo.com.mx\/index.php?rest_route=%2Fwp%2Fv2%2Fcomments&post=39923"}],"version-history":[{"count":2,"href":"https:\/\/encuentroinformativo.com.mx\/index.php?rest_route=\/wp\/v2\/posts\/39923\/revisions"}],"predecessor-version":[{"id":39926,"href":"https:\/\/encuentroinformativo.com.mx\/index.php?rest_route=\/wp\/v2\/posts\/39923\/revisions\/39926"}],"wp:featuredmedia":[{"embeddable":true,"href":"https:\/\/encuentroinformativo.com.mx\/index.php?rest_route=\/wp\/v2\/media\/39924"}],"wp:attachment":[{"href":"https:\/\/encuentroinformativo.com.mx\/index.php?rest_route=%2Fwp%2Fv2%2Fmedia&parent=39923"}],"wp:term":[{"taxonomy":"category","embeddable":true,"href":"https:\/\/encuentroinformativo.com.mx\/index.php?rest_route=%2Fwp%2Fv2%2Fcategories&post=39923"},{"taxonomy":"post_tag","embeddable":true,"href":"https:\/\/encuentroinformativo.com.mx\/index.php?rest_route=%2Fwp%2Fv2%2Ftags&post=39923"}],"curies":[{"name":"wp","href":"https:\/\/api.w.org\/{rel}","templated":true}]}}