{"id":39927,"date":"2023-04-28T15:25:26","date_gmt":"2023-04-28T21:25:26","guid":{"rendered":"https:\/\/encuentroinformativo.com.mx\/?p=39927"},"modified":"2023-04-28T15:25:29","modified_gmt":"2023-04-28T21:25:29","slug":"estiman-mas-de-80-mil-participantes-en-desfile-por-dia-del-trabajo","status":"publish","type":"post","link":"https:\/\/encuentroinformativo.com.mx\/?p=39927","title":{"rendered":"Estiman m\u00e1s de 80 mil participantes en desfile por D\u00eda del Trabajo"},"content":{"rendered":"\n<p><strong>Dar\u00edo Pale <\/strong><\/p>\n\n\n\n<p>Xalapa, Ver.- El desfile del 1 de mayo durar\u00eda m\u00e1s de 7 horas, ya que marchar\u00e1n Maestros con Morena y Unidos Todos y se espera una participaci\u00f3n m\u00e1s de 85 mil trabajadores por lo que este ser\u00eda uno de los m\u00e1s nutridos desde hace mucho tiempo.<\/p>\n\n\n\n<p>En entrevista Pablo Jim\u00e9nez Ayala, presidente del Vendedores Independientes del Estado de Veracruz (VIVE) e integrante del comit\u00e9 organizador del desfile del primero de mayo inform\u00f3 que la parada c\u00edvica podr\u00eda tener una duraci\u00f3n aproximada de 7 horas o 7 horas y media.<\/p>\n\n\n\n<p>&#8220;Creo que va a ser el desfile m\u00e1s concurrido que va a haber, ya que hay grupos que nos han dicho que, por ejemplo los de Maestros con Morena son 20 mil, Unidos Todos trae un contingente aproximado de 6 mil, la Secci\u00f3n 32 y la 56 del SNTE, son, entre las dos 15 mil&#8221;, se\u00f1al\u00f3.<\/p>\n\n\n\n<p>Coment\u00f3 que como parte de los acuerdos, las principales dirigencias llegar\u00e1n a Palacio de Gobierno a las 8:30 de la ma\u00f1ana para la salutaci\u00f3n con el Gobernador, posteriormente, a las 9 de la ma\u00f1ana encabezar\u00e1n el desfile.<\/p>\n\n\n\n<p>Jim\u00e9nez Ayala inform\u00f3 que si bien no conoce todos los reclamos que se har\u00edan ese d\u00eda, sabe que hay una inconformidad por la falta de apertura de plazas en distintas dependencias.<\/p>\n\n\n\n<p>Asimismo, los inconformes habr\u00e1n de exigir la falta de empleos y de mejoras salariales.<\/p>\n\n\n\n<p>El l\u00edder de vendedores de esta capital asever\u00f3 que han estado tratando de dialogar y llegar a acuerdos para evitar que se pueda registrar alg\u00fan altercado.<\/p>\n","protected":false},"excerpt":{"rendered":"<p>Dar\u00edo Pale Xalapa, Ver.- El desfile del 1 de mayo durar\u00eda m\u00e1s de 7 horas, ya que marchar\u00e1n Maestros con Morena y Unidos Todos y se espera una participaci\u00f3n m\u00e1s de 85 mil trabajadores por lo que este ser\u00eda uno de los m\u00e1s nutridos desde hace mucho tiempo. En entrevista Pablo Jim\u00e9nez Ayala, presidente del [&hellip;]<\/p>\n","protected":false},"author":2476,"featured_media":5771,"comment_status":"open","ping_status":"open","sticky":false,"template":"","format":"standard","meta":{"_jetpack_memberships_contains_paid_content":false,"footnotes":""},"categories":[2],"tags":[],"class_list":["post-39927","post","type-post","status-publish","format-standard","has-post-thumbnail","hentry","category-estado"],"jetpack_featured_media_url":"https:\/\/encuentroinformativo.com.mx\/wp-content\/uploads\/2020\/09\/601419D6-548D-49C6-8D93-E6906CBF6141.jpeg","jetpack_sharing_enabled":true,"jetpack_likes_enabled":true,"amp_enabled":true,"_links":{"self":[{"href":"https:\/\/encuentroinformativo.com.mx\/index.php?rest_route=\/wp\/v2\/posts\/39927","targetHints":{"allow":["GET"]}}],"collection":[{"href":"https:\/\/encuentroinformativo.com.mx\/index.php?rest_route=\/wp\/v2\/posts"}],"about":[{"href":"https:\/\/encuentroinformativo.com.mx\/index.php?rest_route=\/wp\/v2\/types\/post"}],"author":[{"embeddable":true,"href":"https:\/\/encuentroinformativo.com.mx\/index.php?rest_route=\/wp\/v2\/users\/2476"}],"replies":[{"embeddable":true,"href":"https:\/\/encuentroinformativo.com.mx\/index.php?rest_route=%2Fwp%2Fv2%2Fcomments&post=39927"}],"version-history":[{"count":1,"href":"https:\/\/encuentroinformativo.com.mx\/index.php?rest_route=\/wp\/v2\/posts\/39927\/revisions"}],"predecessor-version":[{"id":39928,"href":"https:\/\/encuentroinformativo.com.mx\/index.php?rest_route=\/wp\/v2\/posts\/39927\/revisions\/39928"}],"wp:featuredmedia":[{"embeddable":true,"href":"https:\/\/encuentroinformativo.com.mx\/index.php?rest_route=\/wp\/v2\/media\/5771"}],"wp:attachment":[{"href":"https:\/\/encuentroinformativo.com.mx\/index.php?rest_route=%2Fwp%2Fv2%2Fmedia&parent=39927"}],"wp:term":[{"taxonomy":"category","embeddable":true,"href":"https:\/\/encuentroinformativo.com.mx\/index.php?rest_route=%2Fwp%2Fv2%2Fcategories&post=39927"},{"taxonomy":"post_tag","embeddable":true,"href":"https:\/\/encuentroinformativo.com.mx\/index.php?rest_route=%2Fwp%2Fv2%2Ftags&post=39927"}],"curies":[{"name":"wp","href":"https:\/\/api.w.org\/{rel}","templated":true}]}}