{"id":39929,"date":"2023-04-28T16:03:37","date_gmt":"2023-04-28T22:03:37","guid":{"rendered":"https:\/\/encuentroinformativo.com.mx\/?p=39929"},"modified":"2023-04-28T16:03:40","modified_gmt":"2023-04-28T22:03:40","slug":"roban-200-mil-pesos-en-comercio-del-centro-historico-de-veracruz-puerto","status":"publish","type":"post","link":"https:\/\/encuentroinformativo.com.mx\/?p=39929","title":{"rendered":"Roban 200 mil pesos en comercio del Centro Hist\u00f3rico de Veracruz puerto"},"content":{"rendered":"\n<p><strong>Alejandro \u00c1vila\u00a0<\/strong><\/p>\n\n\n\n<p>Veracruz, Ver.- Aproximadamente a las 6 de la ma\u00f1ana de este viernes un sujeto ingres\u00f3 a la fuerza a un local de cosm\u00e9ticos ubicada en el Centro Hist\u00f3rico de la ciudad de Veracruz, del comercio sustrajo la cantidad de 200 mil pesos en mercanc\u00eda y efectivo.<\/p>\n\n\n\n<p>Las c\u00e1maras de vigilancia captaron como el ladr\u00f3n rompi\u00f3 el enmallado que proteja los transformadores de Comisi\u00f3n Federal de Electricidad (CFE), y despu\u00e9s violent\u00f3 la puerta trasera que se ubica por el callej\u00f3n \u201cLa Lagunilla\u201d, para despu\u00e9s ingresar al local ubicado en la avenida Independencia y Arista.&nbsp;<\/p>\n\n\n\n<p>\u201cEst\u00e1 enmallado porque est\u00e1n los transformadores de comisi\u00f3n, rompieron la malla y posteriormente la puerta. Hay otro local cerca que ya entraron a asaltar, han asaltado a ciudadanos en la calle, a plena luz del d\u00eda, ya no es en la noche, es a plena luz del d\u00eda\u201d, dijo Jaqueline Gonz\u00e1lez Amador, encargada de Cosm\u00e9ticos Andrea.&nbsp;&nbsp;<\/p>\n\n\n\n<p>Adem\u00e1s del robo de la mercanc\u00eda, dej\u00f3 da\u00f1os en las instalaciones, incluso la caja registradora qued\u00f3 afectada.&nbsp;<\/p>\n\n\n\n<p>\u201cTuvimos un agravio, aproximadamente a las 6 de la ma\u00f1ana que entra un intruso a la sucursal. Se llev\u00f3 mercanc\u00eda, efectivo, celulares. Cajas completas de mercanc\u00eda, se percata en las c\u00e1maras que fueron 4 cajas el valor monetario de la mercanc\u00eda es de 180 mil pesos que se llev\u00f3 y 14 mil pesos en efectivo aproximadamente\u201d.&nbsp;<\/p>\n\n\n\n<p>La afectada solicit\u00f3 la intervenci\u00f3n de las autoridades de seguridad, pues afirma que este no es el primer robo en los comercios que se encuentran en la zona; incluso, dijo que varios transe\u00fantes han sido robados en las calles de Centro Hist\u00f3rico con arma blanca.<\/p>\n\n\n\n<p>\u201cYa se interpuso la denuncia correspondiente. Ya mand\u00f3 a hacer algo m\u00e1s reforzado, pero ya no estamos tranquilos, una persona de la limpia p\u00fablica llam\u00f3 a la polic\u00eda porque vio algo sospechoso porque tra\u00eda un arma blanca y la polic\u00eda nunca lleg\u00f3\u201d.&nbsp;<\/p>\n\n\n\n<p>En lo que va del a\u00f1o, en el estado, de acuerdo con cifras del Secretariado Ejecutivo de Seguridad P\u00fablica, se han registrado 697 robo a comercios.<\/p>\n","protected":false},"excerpt":{"rendered":"<p>Alejandro \u00c1vila\u00a0 Veracruz, Ver.- Aproximadamente a las 6 de la ma\u00f1ana de este viernes un sujeto ingres\u00f3 a la fuerza a un local de cosm\u00e9ticos ubicada en el Centro Hist\u00f3rico de la ciudad de Veracruz, del comercio sustrajo la cantidad de 200 mil pesos en mercanc\u00eda y efectivo. Las c\u00e1maras de vigilancia captaron como el [&hellip;]<\/p>\n","protected":false},"author":2476,"featured_media":39930,"comment_status":"open","ping_status":"open","sticky":false,"template":"","format":"standard","meta":{"_jetpack_memberships_contains_paid_content":false,"footnotes":""},"categories":[2],"tags":[],"class_list":["post-39929","post","type-post","status-publish","format-standard","has-post-thumbnail","hentry","category-estado"],"jetpack_featured_media_url":"https:\/\/encuentroinformativo.com.mx\/wp-content\/uploads\/2023\/04\/IMG-20230428-WA0103.jpg","jetpack_sharing_enabled":true,"jetpack_likes_enabled":true,"amp_enabled":true,"_links":{"self":[{"href":"https:\/\/encuentroinformativo.com.mx\/index.php?rest_route=\/wp\/v2\/posts\/39929","targetHints":{"allow":["GET"]}}],"collection":[{"href":"https:\/\/encuentroinformativo.com.mx\/index.php?rest_route=\/wp\/v2\/posts"}],"about":[{"href":"https:\/\/encuentroinformativo.com.mx\/index.php?rest_route=\/wp\/v2\/types\/post"}],"author":[{"embeddable":true,"href":"https:\/\/encuentroinformativo.com.mx\/index.php?rest_route=\/wp\/v2\/users\/2476"}],"replies":[{"embeddable":true,"href":"https:\/\/encuentroinformativo.com.mx\/index.php?rest_route=%2Fwp%2Fv2%2Fcomments&post=39929"}],"version-history":[{"count":1,"href":"https:\/\/encuentroinformativo.com.mx\/index.php?rest_route=\/wp\/v2\/posts\/39929\/revisions"}],"predecessor-version":[{"id":39931,"href":"https:\/\/encuentroinformativo.com.mx\/index.php?rest_route=\/wp\/v2\/posts\/39929\/revisions\/39931"}],"wp:featuredmedia":[{"embeddable":true,"href":"https:\/\/encuentroinformativo.com.mx\/index.php?rest_route=\/wp\/v2\/media\/39930"}],"wp:attachment":[{"href":"https:\/\/encuentroinformativo.com.mx\/index.php?rest_route=%2Fwp%2Fv2%2Fmedia&parent=39929"}],"wp:term":[{"taxonomy":"category","embeddable":true,"href":"https:\/\/encuentroinformativo.com.mx\/index.php?rest_route=%2Fwp%2Fv2%2Fcategories&post=39929"},{"taxonomy":"post_tag","embeddable":true,"href":"https:\/\/encuentroinformativo.com.mx\/index.php?rest_route=%2Fwp%2Fv2%2Ftags&post=39929"}],"curies":[{"name":"wp","href":"https:\/\/api.w.org\/{rel}","templated":true}]}}