{"id":39933,"date":"2023-04-28T12:35:27","date_gmt":"2023-04-28T18:35:27","guid":{"rendered":"https:\/\/encuentroinformativo.com.mx\/?p=39933"},"modified":"2023-04-28T21:39:21","modified_gmt":"2023-04-29T03:39:21","slug":"afinan-detalles-para-desfile-del-1o-de-mayo","status":"publish","type":"post","link":"https:\/\/encuentroinformativo.com.mx\/?p=39933","title":{"rendered":"Afinan detalles para Desfile del 1o de Mayo"},"content":{"rendered":"\n<p><strong>Israel Garc\u00eda <\/strong><\/p>\n\n\n\n<p>Xalapa, Ver.- La tarde de este viernes autoridades supervisaron  la log\u00edstica instalada en la calle de Enr\u00edquez, para el desfile del 1\u00b0 de mayo en la ciudad de Xalapa.<\/p>\n\n\n\n<p>Se prev\u00e9 que el desfile d\u00e9 inicio a las 9:00 de la ma\u00f1an, el punto de salida es el Teatro del estado hasta la calle 20 de noviembre y en el parque Los Berros se romper\u00e1n filas.<\/p>\n\n\n\n<p>Autoridades Estatales y Municipales, el Subsecretario de Gobierno Carlos Alberto Ju\u00e1rez Gil, el Delegado de Tr\u00e1nsito y Vialidad Ismael Herrera Rodriguez, Guadalupe Salas, Director de Protecci\u00f3n Civil Municipal, Jos\u00e9 Luis Sardi\u00f1a.<\/p>\n\n\n\n<figure class=\"wp-block-image size-large\"><img loading=\"lazy\" decoding=\"async\" width=\"1024\" height=\"768\" src=\"https:\/\/encuentroinformativo.com.mx\/wp-content\/uploads\/2023\/04\/IMG-20230428-WA0119-1024x768.jpg\" alt=\"\" class=\"wp-image-39935\" srcset=\"https:\/\/encuentroinformativo.com.mx\/wp-content\/uploads\/2023\/04\/IMG-20230428-WA0119-1024x768.jpg 1024w, https:\/\/encuentroinformativo.com.mx\/wp-content\/uploads\/2023\/04\/IMG-20230428-WA0119-300x225.jpg 300w, https:\/\/encuentroinformativo.com.mx\/wp-content\/uploads\/2023\/04\/IMG-20230428-WA0119-768x576.jpg 768w, https:\/\/encuentroinformativo.com.mx\/wp-content\/uploads\/2023\/04\/IMG-20230428-WA0119.jpg 1040w\" sizes=\"auto, (max-width: 1024px) 100vw, 1024px\" \/><\/figure>\n\n\n\n<p><\/p>\n","protected":false},"excerpt":{"rendered":"<p>Israel Garc\u00eda Xalapa, Ver.- La tarde de este viernes autoridades supervisaron la log\u00edstica instalada en la calle de Enr\u00edquez, para el desfile del 1\u00b0 de mayo en la ciudad de Xalapa. Se prev\u00e9 que el desfile d\u00e9 inicio a las 9:00 de la ma\u00f1an, el punto de salida es el Teatro del estado hasta la [&hellip;]<\/p>\n","protected":false},"author":2476,"featured_media":39934,"comment_status":"open","ping_status":"open","sticky":false,"template":"","format":"standard","meta":{"_jetpack_memberships_contains_paid_content":false,"footnotes":""},"categories":[3],"tags":[],"class_list":["post-39933","post","type-post","status-publish","format-standard","has-post-thumbnail","hentry","category-xalapa"],"jetpack_featured_media_url":"https:\/\/encuentroinformativo.com.mx\/wp-content\/uploads\/2023\/04\/IMG-20230428-WA0123.jpg","jetpack_sharing_enabled":true,"jetpack_likes_enabled":true,"amp_enabled":true,"_links":{"self":[{"href":"https:\/\/encuentroinformativo.com.mx\/index.php?rest_route=\/wp\/v2\/posts\/39933","targetHints":{"allow":["GET"]}}],"collection":[{"href":"https:\/\/encuentroinformativo.com.mx\/index.php?rest_route=\/wp\/v2\/posts"}],"about":[{"href":"https:\/\/encuentroinformativo.com.mx\/index.php?rest_route=\/wp\/v2\/types\/post"}],"author":[{"embeddable":true,"href":"https:\/\/encuentroinformativo.com.mx\/index.php?rest_route=\/wp\/v2\/users\/2476"}],"replies":[{"embeddable":true,"href":"https:\/\/encuentroinformativo.com.mx\/index.php?rest_route=%2Fwp%2Fv2%2Fcomments&post=39933"}],"version-history":[{"count":1,"href":"https:\/\/encuentroinformativo.com.mx\/index.php?rest_route=\/wp\/v2\/posts\/39933\/revisions"}],"predecessor-version":[{"id":39936,"href":"https:\/\/encuentroinformativo.com.mx\/index.php?rest_route=\/wp\/v2\/posts\/39933\/revisions\/39936"}],"wp:featuredmedia":[{"embeddable":true,"href":"https:\/\/encuentroinformativo.com.mx\/index.php?rest_route=\/wp\/v2\/media\/39934"}],"wp:attachment":[{"href":"https:\/\/encuentroinformativo.com.mx\/index.php?rest_route=%2Fwp%2Fv2%2Fmedia&parent=39933"}],"wp:term":[{"taxonomy":"category","embeddable":true,"href":"https:\/\/encuentroinformativo.com.mx\/index.php?rest_route=%2Fwp%2Fv2%2Fcategories&post=39933"},{"taxonomy":"post_tag","embeddable":true,"href":"https:\/\/encuentroinformativo.com.mx\/index.php?rest_route=%2Fwp%2Fv2%2Ftags&post=39933"}],"curies":[{"name":"wp","href":"https:\/\/api.w.org\/{rel}","templated":true}]}}